{"id":1468,"date":"2019-10-16T10:48:13","date_gmt":"2019-10-16T09:48:13","guid":{"rendered":"http:\/\/primarylibrary.esfparents.org\/?p=1468"},"modified":"2019-10-16T11:21:42","modified_gmt":"2019-10-16T10:21:42","slug":"auf-dem-bauernhof","status":"publish","type":"post","link":"http:\/\/primarylibrary.esfparents.org\/?p=1468","title":{"rendered":"Auf dem Bauernhof"},"content":{"rendered":"<p>&#8230;mit Barbara Jelenkovich, eine italienische Illustratorin aus Udine, die aber auch f\u00fcr deutsche Verlage arbeitet. Sie kam zur Buchmesse 2019 &#8230; und in unseren<strong> italienischen Kindergarten<\/strong>. Die Dreij\u00e4hrigen waren gl\u00fccklich und zeichneten begeistert Bauernhoftiere, Traktoren, Mutter und Kind &#8230;<br \/>\n<a href=\"http:\/\/primarylibrary.esfparents.org\/wp-content\/uploads\/2019\/10\/B1.jpg\"><img loading=\"lazy\" src=\"http:\/\/primarylibrary.esfparents.org\/wp-content\/uploads\/2019\/10\/B1-300x225.jpg\" alt=\"\" width=\"300\" height=\"225\" class=\"alignnone size-medium wp-image-1474\" srcset=\"http:\/\/primarylibrary.esfparents.org\/wp-content\/uploads\/2019\/10\/B1-300x225.jpg 300w, http:\/\/primarylibrary.esfparents.org\/wp-content\/uploads\/2019\/10\/B1.jpg 500w\" sizes=\"(max-width: 300px) 100vw, 300px\" \/><\/a><\/p>\n<p><a href=\"http:\/\/primarylibrary.esfparents.org\/wp-content\/uploads\/2019\/10\/B2.jpg\"><img loading=\"lazy\" src=\"http:\/\/primarylibrary.esfparents.org\/wp-content\/uploads\/2019\/10\/B2-300x225.jpg\" alt=\"\" width=\"300\" height=\"225\" class=\"alignnone size-medium wp-image-1475\" srcset=\"http:\/\/primarylibrary.esfparents.org\/wp-content\/uploads\/2019\/10\/B2-300x225.jpg 300w, http:\/\/primarylibrary.esfparents.org\/wp-content\/uploads\/2019\/10\/B2.jpg 500w\" sizes=\"(max-width: 300px) 100vw, 300px\" \/><\/a><\/p>\n<p><a href=\"http:\/\/primarylibrary.esfparents.org\/wp-content\/uploads\/2019\/10\/B3.jpg\"><img loading=\"lazy\" src=\"http:\/\/primarylibrary.esfparents.org\/wp-content\/uploads\/2019\/10\/B3-300x225.jpg\" alt=\"\" width=\"300\" height=\"225\" class=\"alignnone size-medium wp-image-1476\" srcset=\"http:\/\/primarylibrary.esfparents.org\/wp-content\/uploads\/2019\/10\/B3-300x225.jpg 300w, http:\/\/primarylibrary.esfparents.org\/wp-content\/uploads\/2019\/10\/B3.jpg 500w\" sizes=\"(max-width: 300px) 100vw, 300px\" \/><\/a><\/p>\n<p><a href=\"http:\/\/primarylibrary.esfparents.org\/wp-content\/uploads\/2019\/10\/B4.jpg\"><img loading=\"lazy\" src=\"http:\/\/primarylibrary.esfparents.org\/wp-content\/uploads\/2019\/10\/B4-225x300.jpg\" alt=\"\" width=\"225\" height=\"300\" class=\"alignnone size-medium wp-image-1477\" srcset=\"http:\/\/primarylibrary.esfparents.org\/wp-content\/uploads\/2019\/10\/B4-225x300.jpg 225w, http:\/\/primarylibrary.esfparents.org\/wp-content\/uploads\/2019\/10\/B4.jpg 375w\" sizes=\"(max-width: 225px) 100vw, 225px\" \/><\/a><\/p>\n","protected":false},"excerpt":{"rendered":"<p>&#8230;mit Barbara Jelenkovich, eine italienische Illustratorin aus Udine, die aber auch f\u00fcr deutsche Verlage arbeitet. Sie kam zur Buchmesse 2019 &#8230; und in unseren italienischen Kindergarten. Die Dreij\u00e4hrigen waren gl\u00fccklich und zeichneten begeistert Bauernhoftiere, Traktoren, Mutter und Kind &#8230;<\/p>\n","protected":false},"author":2,"featured_media":0,"comment_status":"closed","ping_status":"closed","sticky":false,"template":"","format":"standard","meta":[],"categories":[1],"tags":[],"_links":{"self":[{"href":"http:\/\/primarylibrary.esfparents.org\/index.php?rest_route=\/wp\/v2\/posts\/1468"}],"collection":[{"href":"http:\/\/primarylibrary.esfparents.org\/index.php?rest_route=\/wp\/v2\/posts"}],"about":[{"href":"http:\/\/primarylibrary.esfparents.org\/index.php?rest_route=\/wp\/v2\/types\/post"}],"author":[{"embeddable":true,"href":"http:\/\/primarylibrary.esfparents.org\/index.php?rest_route=\/wp\/v2\/users\/2"}],"replies":[{"embeddable":true,"href":"http:\/\/primarylibrary.esfparents.org\/index.php?rest_route=%2Fwp%2Fv2%2Fcomments&post=1468"}],"version-history":[{"count":4,"href":"http:\/\/primarylibrary.esfparents.org\/index.php?rest_route=\/wp\/v2\/posts\/1468\/revisions"}],"predecessor-version":[{"id":1478,"href":"http:\/\/primarylibrary.esfparents.org\/index.php?rest_route=\/wp\/v2\/posts\/1468\/revisions\/1478"}],"wp:attachment":[{"href":"http:\/\/primarylibrary.esfparents.org\/index.php?rest_route=%2Fwp%2Fv2%2Fmedia&parent=1468"}],"wp:term":[{"taxonomy":"category","embeddable":true,"href":"http:\/\/primarylibrary.esfparents.org\/index.php?rest_route=%2Fwp%2Fv2%2Fcategories&post=1468"},{"taxonomy":"post_tag","embeddable":true,"href":"http:\/\/primarylibrary.esfparents.org\/index.php?rest_route=%2Fwp%2Fv2%2Ftags&post=1468"}],"curies":[{"name":"wp","href":"https:\/\/api.w.org\/{rel}","templated":true}]}}