{"id":1254,"date":"2018-11-16T10:26:14","date_gmt":"2018-11-16T09:26:14","guid":{"rendered":"http:\/\/primarylibrary.esfparents.org\/?p=1254"},"modified":"2019-01-08T11:07:44","modified_gmt":"2019-01-08T10:07:44","slug":"gabor-nogradi","status":"publish","type":"post","link":"https:\/\/primarylibrary.esfparents.org\/?p=1254","title":{"rendered":"Humorvoll: Der ungarische Autor G\u00e1bor N\u00f3gr\u00e1di"},"content":{"rendered":"<p><a href=\"http:\/\/primarylibrary.esfparents.org\/wp-content\/uploads\/2018\/11\/Ungarisch-2.png\"><img loading=\"lazy\" src=\"http:\/\/primarylibrary.esfparents.org\/wp-content\/uploads\/2018\/11\/Ungarisch-2-225x300.png\" alt=\"\" width=\"225\" height=\"300\" class=\"alignnone size-medium wp-image-1256\" srcset=\"https:\/\/primarylibrary.esfparents.org\/wp-content\/uploads\/2018\/11\/Ungarisch-2-225x300.png 225w, https:\/\/primarylibrary.esfparents.org\/wp-content\/uploads\/2018\/11\/Ungarisch-2.png 480w\" sizes=\"(max-width: 225px) 100vw, 225px\" \/><\/a><br \/>\n<strong>G\u00e1bor N\u00f3gradi<\/strong> ist ein ungarischer Buchautor, Drehbuchautor, Dramatiker, Publizist und Poet, der vor allem f\u00fcr seine Kinderromane bekannt ist.<br \/>\n<strong>Liza Vars\u00e1nyi<\/strong>, P 5 EN A, kommentiert seine <strong>Lesung f\u00fcr die ungarischen Kinder<\/strong>:&#8221;Mr. G\u00e1bor N\u00f3gradi paid our school a very nice visit. He did his very best to make us feel well and inspite of being older he did that pretty well. He has written most of Hungary&#8217;s humorous books for kids and adults. His books are humorous, but in fact he is serious and clever and that shines through.<br \/>\nWhen the hungarian teacher came up this year with the idea of inviting an author, I was the one that actually stood up and said: Mr. N\u00f3gradi is a close friend of my grandpa! So, that&#8217;s how he endend up visiting in  school. Some students even ordered some of his books and we also ordered some for the primary library. It was a very interesting reading: We laughed and learned a lot.&#8221; <\/p>\n<p><a href=\"http:\/\/primarylibrary.esfparents.org\/wp-content\/uploads\/2018\/11\/ungarisch-1.png\"><img loading=\"lazy\" src=\"http:\/\/primarylibrary.esfparents.org\/wp-content\/uploads\/2018\/11\/ungarisch-1-300x225.png\" alt=\"\" width=\"300\" height=\"225\" class=\"alignnone size-medium wp-image-1255\" srcset=\"https:\/\/primarylibrary.esfparents.org\/wp-content\/uploads\/2018\/11\/ungarisch-1-300x225.png 300w, https:\/\/primarylibrary.esfparents.org\/wp-content\/uploads\/2018\/11\/ungarisch-1.png 500w\" sizes=\"(max-width: 300px) 100vw, 300px\" \/><\/a><\/p>\n<p><a href=\"http:\/\/primarylibrary.esfparents.org\/wp-content\/uploads\/2018\/11\/Ungarisch-3.png\"><img loading=\"lazy\" src=\"http:\/\/primarylibrary.esfparents.org\/wp-content\/uploads\/2018\/11\/Ungarisch-3-300x225.png\" alt=\"\" width=\"300\" height=\"225\" class=\"alignnone size-medium wp-image-1257\" srcset=\"https:\/\/primarylibrary.esfparents.org\/wp-content\/uploads\/2018\/11\/Ungarisch-3-300x225.png 300w, https:\/\/primarylibrary.esfparents.org\/wp-content\/uploads\/2018\/11\/Ungarisch-3.png 500w\" sizes=\"(max-width: 300px) 100vw, 300px\" \/><\/a><\/p>\n","protected":false},"excerpt":{"rendered":"<p>G\u00e1bor N\u00f3gradi ist ein ungarischer Buchautor, Drehbuchautor, Dramatiker, Publizist und Poet, der vor allem f\u00fcr seine Kinderromane bekannt ist. Liza Vars\u00e1nyi, P 5 EN A, kommentiert seine Lesung f\u00fcr die ungarischen Kinder:&#8221;Mr. G\u00e1bor N\u00f3gradi paid our school a very nice &hellip; <a href=\"https:\/\/primarylibrary.esfparents.org\/?p=1254\">Continue reading <span class=\"meta-nav\">&rarr;<\/span><\/a><\/p>\n","protected":false},"author":2,"featured_media":0,"comment_status":"closed","ping_status":"closed","sticky":false,"template":"","format":"standard","meta":[],"categories":[1],"tags":[],"_links":{"self":[{"href":"https:\/\/primarylibrary.esfparents.org\/index.php?rest_route=\/wp\/v2\/posts\/1254"}],"collection":[{"href":"https:\/\/primarylibrary.esfparents.org\/index.php?rest_route=\/wp\/v2\/posts"}],"about":[{"href":"https:\/\/primarylibrary.esfparents.org\/index.php?rest_route=\/wp\/v2\/types\/post"}],"author":[{"embeddable":true,"href":"https:\/\/primarylibrary.esfparents.org\/index.php?rest_route=\/wp\/v2\/users\/2"}],"replies":[{"embeddable":true,"href":"https:\/\/primarylibrary.esfparents.org\/index.php?rest_route=%2Fwp%2Fv2%2Fcomments&post=1254"}],"version-history":[{"count":12,"href":"https:\/\/primarylibrary.esfparents.org\/index.php?rest_route=\/wp\/v2\/posts\/1254\/revisions"}],"predecessor-version":[{"id":1285,"href":"https:\/\/primarylibrary.esfparents.org\/index.php?rest_route=\/wp\/v2\/posts\/1254\/revisions\/1285"}],"wp:attachment":[{"href":"https:\/\/primarylibrary.esfparents.org\/index.php?rest_route=%2Fwp%2Fv2%2Fmedia&parent=1254"}],"wp:term":[{"taxonomy":"category","embeddable":true,"href":"https:\/\/primarylibrary.esfparents.org\/index.php?rest_route=%2Fwp%2Fv2%2Fcategories&post=1254"},{"taxonomy":"post_tag","embeddable":true,"href":"https:\/\/primarylibrary.esfparents.org\/index.php?rest_route=%2Fwp%2Fv2%2Ftags&post=1254"}],"curies":[{"name":"wp","href":"https:\/\/api.w.org\/{rel}","templated":true}]}}