{"id":126,"date":"2012-11-14T17:48:10","date_gmt":"2012-11-14T16:48:10","guid":{"rendered":"http:\/\/primarylibrary.esfparents.org\/?p=126"},"modified":"2013-02-20T18:33:37","modified_gmt":"2013-02-20T17:33:37","slug":"marie-aude-murail","status":"publish","type":"post","link":"https:\/\/primarylibrary.esfparents.org\/?p=126","title":{"rendered":"Marie-Aude Murail"},"content":{"rendered":"<p><a href=\"http:\/\/primarylibrary.esfparents.org\/wp-content\/uploads\/2013\/02\/DSCN2148.jpg\"><img src=\"http:\/\/primarylibrary.esfparents.org\/wp-content\/uploads\/2013\/02\/DSCN2148.jpg\" alt=\"Marie Aude Murail,  14.11.12\" class=\"alignnone size-medium wp-image-127\" \/><\/a><br \/>\nist eine Starautorin der <strong>fanz\u00f6sischen Kinder- und Jugendbuchszene<\/strong>. Wir &#8211; Aur\u00e9lie Calluaud und ich, svs, &#8211; sind sehr stolz, dass wir sie f\u00fcr unsere Schule gewinnen konnten.<br \/>\n&#8220;Die Murail&#8221; las f\u00fcr die <strong>dritte, vierte und f\u00fcnfte Klasse der franz\u00f6sischen Sektion<\/strong>, ebenso wie f\u00fcr einige Klassen der Secondary.<br \/>\nEs war mehr eine Performance als eine Lesung und Kinder wie Lehrer waren fasziniert von der offenen, direkten Art, mit der sie die Dinge ansprach. Und richtig viel zu lachen gab es auch.<\/p>\n","protected":false},"excerpt":{"rendered":"<p>ist eine Starautorin der fanz\u00f6sischen Kinder- und Jugendbuchszene. Wir &#8211; Aur\u00e9lie Calluaud und ich, svs, &#8211; sind sehr stolz, dass wir sie f\u00fcr unsere Schule gewinnen konnten. &#8220;Die Murail&#8221; las f\u00fcr die dritte, vierte und f\u00fcnfte Klasse der franz\u00f6sischen Sektion, &hellip; <a href=\"https:\/\/primarylibrary.esfparents.org\/?p=126\">Continue reading <span class=\"meta-nav\">&rarr;<\/span><\/a><\/p>\n","protected":false},"author":2,"featured_media":0,"comment_status":"open","ping_status":"open","sticky":false,"template":"","format":"standard","meta":[],"categories":[1],"tags":[],"_links":{"self":[{"href":"https:\/\/primarylibrary.esfparents.org\/index.php?rest_route=\/wp\/v2\/posts\/126"}],"collection":[{"href":"https:\/\/primarylibrary.esfparents.org\/index.php?rest_route=\/wp\/v2\/posts"}],"about":[{"href":"https:\/\/primarylibrary.esfparents.org\/index.php?rest_route=\/wp\/v2\/types\/post"}],"author":[{"embeddable":true,"href":"https:\/\/primarylibrary.esfparents.org\/index.php?rest_route=\/wp\/v2\/users\/2"}],"replies":[{"embeddable":true,"href":"https:\/\/primarylibrary.esfparents.org\/index.php?rest_route=%2Fwp%2Fv2%2Fcomments&post=126"}],"version-history":[{"count":7,"href":"https:\/\/primarylibrary.esfparents.org\/index.php?rest_route=\/wp\/v2\/posts\/126\/revisions"}],"predecessor-version":[{"id":158,"href":"https:\/\/primarylibrary.esfparents.org\/index.php?rest_route=\/wp\/v2\/posts\/126\/revisions\/158"}],"wp:attachment":[{"href":"https:\/\/primarylibrary.esfparents.org\/index.php?rest_route=%2Fwp%2Fv2%2Fmedia&parent=126"}],"wp:term":[{"taxonomy":"category","embeddable":true,"href":"https:\/\/primarylibrary.esfparents.org\/index.php?rest_route=%2Fwp%2Fv2%2Fcategories&post=126"},{"taxonomy":"post_tag","embeddable":true,"href":"https:\/\/primarylibrary.esfparents.org\/index.php?rest_route=%2Fwp%2Fv2%2Ftags&post=126"}],"curies":[{"name":"wp","href":"https:\/\/api.w.org\/{rel}","templated":true}]}}