{"id":1367,"date":"2019-04-04T11:52:37","date_gmt":"2019-04-04T10:52:37","guid":{"rendered":"http:\/\/primarylibrary.esfparents.org\/?p=1367"},"modified":"2019-09-09T11:14:42","modified_gmt":"2019-09-09T10:14:42","slug":"anna-woltz-liest-schreibt-koekt","status":"publish","type":"post","link":"https:\/\/primarylibrary.esfparents.org\/?p=1367","title":{"rendered":"Anna Woltz kookt (nicht), liest aber daf\u00fcr umso besser"},"content":{"rendered":"<p><a href=\"http:\/\/primarylibrary.esfparents.org\/wp-content\/uploads\/2019\/04\/Anna-Alaska-1.jpg\"><img loading=\"lazy\" src=\"http:\/\/primarylibrary.esfparents.org\/wp-content\/uploads\/2019\/04\/Anna-Alaska-1-300x200.jpg\" alt=\"\" width=\"300\" height=\"200\" class=\"alignnone size-medium wp-image-1368\" srcset=\"https:\/\/primarylibrary.esfparents.org\/wp-content\/uploads\/2019\/04\/Anna-Alaska-1-300x200.jpg 300w, https:\/\/primarylibrary.esfparents.org\/wp-content\/uploads\/2019\/04\/Anna-Alaska-1.jpg 500w\" sizes=\"(max-width: 300px) 100vw, 300px\" \/><\/a>Die in den Niederlanden sehr beliebte und ber\u00fchmte junge Autorin <strong>Anna Woltz <\/strong>las f\u00fcr die Kinder der beiden <strong>f\u00fcnften Klassen der deutschen Sektion <\/strong>aus ihrem neuen Buch &#8220;Eine wie Alaska&#8221;, das jetzt f\u00fcr den deutschen Jugendliteraturpreis nominiert ist. Sie hatten bereits &#8220;Gips&#8221; als Klassenlekt\u00fcre gelesen und stellten viele Fragen.<br \/>\nMaria Cabral Bauer (P 5 DEB) kommentiert: <em>&#8220;Meiner Meinung nach ist die 37 Jahre alte Anna Woltz eine sehr inspirerende Person. Sie ist durch eine sehr lustige Geschichte zum Schreiben gekommen. Ich finde es sch\u00f6n, dass sie f\u00fcr Jugendliche schreibt, weil sie Erwachsene oft farblos und n\u00fcchtern findet &#8230;&#8221; <\/em><br \/>\n<a href=\"http:\/\/primarylibrary.esfparents.org\/wp-content\/uploads\/2019\/04\/Anna-koekt.jpg\"><img loading=\"lazy\" src=\"http:\/\/primarylibrary.esfparents.org\/wp-content\/uploads\/2019\/04\/Anna-koekt-300x200.jpg\" alt=\"\" width=\"300\" height=\"200\" class=\"alignnone size-medium wp-image-1364\" srcset=\"https:\/\/primarylibrary.esfparents.org\/wp-content\/uploads\/2019\/04\/Anna-koekt-300x200.jpg 300w, https:\/\/primarylibrary.esfparents.org\/wp-content\/uploads\/2019\/04\/Anna-koekt.jpg 500w\" sizes=\"(max-width: 300px) 100vw, 300px\" \/><\/a><br \/>\nAuch den 8 bis 10-j\u00e4hrigen <strong>niederl\u00e4ndischen Kindern <\/strong>erz\u00e4hlte die Autorin von ihrem ersten Buch &#8220;Alles kookt over&#8221;, das sie bereits mit 17 schrieb. Als Kind wollte sie mit Freunden ein Restaurant er\u00f6ffnen. <\/p>\n","protected":false},"excerpt":{"rendered":"<p>Die in den Niederlanden sehr beliebte und ber\u00fchmte junge Autorin Anna Woltz las f\u00fcr die Kinder der beiden f\u00fcnften Klassen der deutschen Sektion aus ihrem neuen Buch &#8220;Eine wie Alaska&#8221;, das jetzt f\u00fcr den deutschen Jugendliteraturpreis nominiert ist. Sie hatten &hellip; <a href=\"https:\/\/primarylibrary.esfparents.org\/?p=1367\">Continue reading <span class=\"meta-nav\">&rarr;<\/span><\/a><\/p>\n","protected":false},"author":2,"featured_media":0,"comment_status":"closed","ping_status":"closed","sticky":false,"template":"","format":"standard","meta":[],"categories":[1],"tags":[],"_links":{"self":[{"href":"https:\/\/primarylibrary.esfparents.org\/index.php?rest_route=\/wp\/v2\/posts\/1367"}],"collection":[{"href":"https:\/\/primarylibrary.esfparents.org\/index.php?rest_route=\/wp\/v2\/posts"}],"about":[{"href":"https:\/\/primarylibrary.esfparents.org\/index.php?rest_route=\/wp\/v2\/types\/post"}],"author":[{"embeddable":true,"href":"https:\/\/primarylibrary.esfparents.org\/index.php?rest_route=\/wp\/v2\/users\/2"}],"replies":[{"embeddable":true,"href":"https:\/\/primarylibrary.esfparents.org\/index.php?rest_route=%2Fwp%2Fv2%2Fcomments&post=1367"}],"version-history":[{"count":20,"href":"https:\/\/primarylibrary.esfparents.org\/index.php?rest_route=\/wp\/v2\/posts\/1367\/revisions"}],"predecessor-version":[{"id":1466,"href":"https:\/\/primarylibrary.esfparents.org\/index.php?rest_route=\/wp\/v2\/posts\/1367\/revisions\/1466"}],"wp:attachment":[{"href":"https:\/\/primarylibrary.esfparents.org\/index.php?rest_route=%2Fwp%2Fv2%2Fmedia&parent=1367"}],"wp:term":[{"taxonomy":"category","embeddable":true,"href":"https:\/\/primarylibrary.esfparents.org\/index.php?rest_route=%2Fwp%2Fv2%2Fcategories&post=1367"},{"taxonomy":"post_tag","embeddable":true,"href":"https:\/\/primarylibrary.esfparents.org\/index.php?rest_route=%2Fwp%2Fv2%2Ftags&post=1367"}],"curies":[{"name":"wp","href":"https:\/\/api.w.org\/{rel}","templated":true}]}}