{"id":1426,"date":"2019-03-22T08:30:24","date_gmt":"2019-03-22T07:30:24","guid":{"rendered":"http:\/\/primarylibrary.esfparents.org\/?p=1426"},"modified":"2019-04-29T08:51:46","modified_gmt":"2019-04-29T07:51:46","slug":"toffe-voorlesedag-gerda-dendooven","status":"publish","type":"post","link":"https:\/\/primarylibrary.esfparents.org\/?p=1426","title":{"rendered":"Toffe voorlesedag: Gerda Dendooven"},"content":{"rendered":"<p>Die belgische Autorin <strong>Gerda Dendooven<\/strong> las den niederl\u00e4ndischen Kindern aus ihren B\u00fcchern vor. Die Kinder PP bis P 2 fanden die Geschichte von &#8220;Herrn Papier&#8221; spannend und hatten Spa\u00df daran, sie zu malen.<br \/>\nHier einige Kommentare von Kindern der Klassen 3-5:<br \/>\nMarieke: <em>&#8220;Het was een leuke voorlesedag. Ik wist eerst niet wie Gerade dendooven is. Ik vond haar boeken interessant en will vaker haar boeken lezen.&#8221;<\/em><br \/>\nJosefien: &#8220;<em>Het was een toffe voorlesedag. Ik zou het prettig vinden Gerda volgend jaar weer terug komen.&#8221;<\/em><br \/>\nElodie: <em>&#8220;Ik vond de voorleesdag heel erg leuk, omdat Gerda ook op het bord tekende en plaatjes liet zien van het boek: Stella, ster van de zee.&#8221;<\/em><\/p>\n","protected":false},"excerpt":{"rendered":"<p>Die belgische Autorin Gerda Dendooven las den niederl\u00e4ndischen Kindern aus ihren B\u00fcchern vor. Die Kinder PP bis P 2 fanden die Geschichte von &#8220;Herrn Papier&#8221; spannend und hatten Spa\u00df daran, sie zu malen. Hier einige Kommentare von Kindern der Klassen &hellip; <a href=\"https:\/\/primarylibrary.esfparents.org\/?p=1426\">Continue reading <span class=\"meta-nav\">&rarr;<\/span><\/a><\/p>\n","protected":false},"author":2,"featured_media":0,"comment_status":"closed","ping_status":"closed","sticky":false,"template":"","format":"standard","meta":[],"categories":[1],"tags":[],"_links":{"self":[{"href":"https:\/\/primarylibrary.esfparents.org\/index.php?rest_route=\/wp\/v2\/posts\/1426"}],"collection":[{"href":"https:\/\/primarylibrary.esfparents.org\/index.php?rest_route=\/wp\/v2\/posts"}],"about":[{"href":"https:\/\/primarylibrary.esfparents.org\/index.php?rest_route=\/wp\/v2\/types\/post"}],"author":[{"embeddable":true,"href":"https:\/\/primarylibrary.esfparents.org\/index.php?rest_route=\/wp\/v2\/users\/2"}],"replies":[{"embeddable":true,"href":"https:\/\/primarylibrary.esfparents.org\/index.php?rest_route=%2Fwp%2Fv2%2Fcomments&post=1426"}],"version-history":[{"count":2,"href":"https:\/\/primarylibrary.esfparents.org\/index.php?rest_route=\/wp\/v2\/posts\/1426\/revisions"}],"predecessor-version":[{"id":1431,"href":"https:\/\/primarylibrary.esfparents.org\/index.php?rest_route=\/wp\/v2\/posts\/1426\/revisions\/1431"}],"wp:attachment":[{"href":"https:\/\/primarylibrary.esfparents.org\/index.php?rest_route=%2Fwp%2Fv2%2Fmedia&parent=1426"}],"wp:term":[{"taxonomy":"category","embeddable":true,"href":"https:\/\/primarylibrary.esfparents.org\/index.php?rest_route=%2Fwp%2Fv2%2Fcategories&post=1426"},{"taxonomy":"post_tag","embeddable":true,"href":"https:\/\/primarylibrary.esfparents.org\/index.php?rest_route=%2Fwp%2Fv2%2Ftags&post=1426"}],"curies":[{"name":"wp","href":"https:\/\/api.w.org\/{rel}","templated":true}]}}