{"id":1490,"date":"2019-11-20T10:21:06","date_gmt":"2019-11-20T09:21:06","guid":{"rendered":"http:\/\/primarylibrary.esfparents.org\/?p=1490"},"modified":"2019-12-16T15:22:47","modified_gmt":"2019-12-16T14:22:47","slug":"storytelling","status":"publish","type":"post","link":"https:\/\/primarylibrary.esfparents.org\/?p=1490","title":{"rendered":"Racconta mi una storia"},"content":{"rendered":"<p>In der Woche vom 11. bis 15. November kam die <strong>Storytelling Compagnia \u201eRaccontamiunastoria\u201c<\/strong> in unsere Schule. Die Compagnia aus Italien hat sich seit 2004 ganz der Kunst des Geschichtenerz\u00e4hlens verschrieben, f\u00fcr Kinder und Erwachsene. Sie agiert international: Bei uns traten Erz\u00e4hlerinnen und Erz\u00e4hler aus Italien, Tirol und Mexiko auf und erz\u00e4hlten Geschichten auf Deutsch, Englisch, Italienisch, Franz\u00f6sisch und Spanisch.<br \/>\n<strong>Kinder aller f\u00fcnf Sprachsektionen <\/strong>waren nicht nur fasziniert von den ungew\u00f6hnlichen Geschichten sondern auch von der professionellen, poetischen und interaktiven Art des Erz\u00e4hlens. Besonders guten Anklang fanden die Geschichten aus dem Orient: Einige der Erz\u00e4hlerinnen und Erz\u00e4hler hat eine zeitlang in Dubai gelebt.<br \/>\nVielen Dank an Floriana Grimaldi, die \u201eRaccontamiunastoria\u201c entdeckt und mit Hilfe des Elternvereins und der Primarbibliothek eingeladen hat.img src=&#8221;http:\/\/primarylibrary.esfparents.org\/wp-content\/uploads\/2019\/11\/Story-paola-300&#215;200.jpg&#8221; alt=&#8221;&#8221; width=&#8221;300&#8243; height=&#8221;200&#8243; class=&#8221;alignnone size-medium wp-image-1491&#8243; \/><\/a><\/p>\n<p><a href=\"http:\/\/primarylibrary.esfparents.org\/wp-content\/uploads\/2019\/11\/story-paola-2.jpg\"><img loading=\"lazy\" src=\"http:\/\/primarylibrary.esfparents.org\/wp-content\/uploads\/2019\/11\/story-paola-2-300x200.jpg\" alt=\"\" width=\"300\" height=\"200\" class=\"alignnone size-medium wp-image-1492\" srcset=\"https:\/\/primarylibrary.esfparents.org\/wp-content\/uploads\/2019\/11\/story-paola-2-300x200.jpg 300w, https:\/\/primarylibrary.esfparents.org\/wp-content\/uploads\/2019\/11\/story-paola-2.jpg 500w\" sizes=\"(max-width: 300px) 100vw, 300px\" \/><\/a><\/p>\n<p><a href=\"http:\/\/primarylibrary.esfparents.org\/wp-content\/uploads\/2019\/11\/story-lachend.jpg\"><img loading=\"lazy\" src=\"http:\/\/primarylibrary.esfparents.org\/wp-content\/uploads\/2019\/11\/story-lachend-300x200.jpg\" alt=\"\" width=\"300\" height=\"200\" class=\"alignnone size-medium wp-image-1493\" srcset=\"https:\/\/primarylibrary.esfparents.org\/wp-content\/uploads\/2019\/11\/story-lachend-300x200.jpg 300w, https:\/\/primarylibrary.esfparents.org\/wp-content\/uploads\/2019\/11\/story-lachend.jpg 500w\" sizes=\"(max-width: 300px) 100vw, 300px\" \/><\/a><\/p>\n<p><a href=\"http:\/\/primarylibrary.esfparents.org\/wp-content\/uploads\/2019\/11\/story-kinder.jpg\"><img loading=\"lazy\" src=\"http:\/\/primarylibrary.esfparents.org\/wp-content\/uploads\/2019\/11\/story-kinder-300x200.jpg\" alt=\"\" width=\"300\" height=\"200\" class=\"alignnone size-medium wp-image-1494\" srcset=\"https:\/\/primarylibrary.esfparents.org\/wp-content\/uploads\/2019\/11\/story-kinder-300x200.jpg 300w, https:\/\/primarylibrary.esfparents.org\/wp-content\/uploads\/2019\/11\/story-kinder.jpg 500w\" sizes=\"(max-width: 300px) 100vw, 300px\" \/><\/a><\/p>\n<p><a href=\"http:\/\/primarylibrary.esfparents.org\/wp-content\/uploads\/2019\/11\/story-rennend.jpg\"><img loading=\"lazy\" src=\"http:\/\/primarylibrary.esfparents.org\/wp-content\/uploads\/2019\/11\/story-rennend-300x200.jpg\" alt=\"\" width=\"300\" height=\"200\" class=\"alignnone size-medium wp-image-1495\" srcset=\"https:\/\/primarylibrary.esfparents.org\/wp-content\/uploads\/2019\/11\/story-rennend-300x200.jpg 300w, https:\/\/primarylibrary.esfparents.org\/wp-content\/uploads\/2019\/11\/story-rennend.jpg 500w\" sizes=\"(max-width: 300px) 100vw, 300px\" \/><\/a><\/p>\n<p><a href=\"http:\/\/primarylibrary.esfparents.org\/wp-content\/uploads\/2019\/11\/Story-mexikanisch-1.jpg\"><img loading=\"lazy\" src=\"http:\/\/primarylibrary.esfparents.org\/wp-content\/uploads\/2019\/11\/Story-mexikanisch-1-300x200.jpg\" alt=\"\" width=\"300\" height=\"200\" class=\"alignnone size-medium wp-image-1496\" srcset=\"https:\/\/primarylibrary.esfparents.org\/wp-content\/uploads\/2019\/11\/Story-mexikanisch-1-300x200.jpg 300w, https:\/\/primarylibrary.esfparents.org\/wp-content\/uploads\/2019\/11\/Story-mexikanisch-1.jpg 500w\" sizes=\"(max-width: 300px) 100vw, 300px\" \/><\/a><\/p>\n<p><a href=\"http:\/\/primarylibrary.esfparents.org\/wp-content\/uploads\/2019\/11\/Story-mexikanisch-2.jpg\"><img loading=\"lazy\" src=\"http:\/\/primarylibrary.esfparents.org\/wp-content\/uploads\/2019\/11\/Story-mexikanisch-2-300x200.jpg\" alt=\"\" width=\"300\" height=\"200\" class=\"alignnone size-medium wp-image-1498\" srcset=\"https:\/\/primarylibrary.esfparents.org\/wp-content\/uploads\/2019\/11\/Story-mexikanisch-2-300x200.jpg 300w, https:\/\/primarylibrary.esfparents.org\/wp-content\/uploads\/2019\/11\/Story-mexikanisch-2.jpg 500w\" sizes=\"(max-width: 300px) 100vw, 300px\" \/><\/a><\/p>\n<p><a href=\"http:\/\/primarylibrary.esfparents.org\/wp-content\/uploads\/2019\/11\/Story-mexikanisch3.jpg\"><img loading=\"lazy\" src=\"http:\/\/primarylibrary.esfparents.org\/wp-content\/uploads\/2019\/11\/Story-mexikanisch3-300x200.jpg\" alt=\"\" width=\"300\" height=\"200\" class=\"alignnone size-medium wp-image-1499\" srcset=\"https:\/\/primarylibrary.esfparents.org\/wp-content\/uploads\/2019\/11\/Story-mexikanisch3-300x200.jpg 300w, https:\/\/primarylibrary.esfparents.org\/wp-content\/uploads\/2019\/11\/Story-mexikanisch3.jpg 500w\" sizes=\"(max-width: 300px) 100vw, 300px\" \/><\/a><\/p>\n","protected":false},"excerpt":{"rendered":"<p>In der Woche vom 11. bis 15. November kam die Storytelling Compagnia \u201eRaccontamiunastoria\u201c in unsere Schule. Die Compagnia aus Italien hat sich seit 2004 ganz der Kunst des Geschichtenerz\u00e4hlens verschrieben, f\u00fcr Kinder und Erwachsene. Sie agiert international: Bei uns traten &hellip; <a href=\"https:\/\/primarylibrary.esfparents.org\/?p=1490\">Continue reading <span class=\"meta-nav\">&rarr;<\/span><\/a><\/p>\n","protected":false},"author":2,"featured_media":0,"comment_status":"closed","ping_status":"closed","sticky":false,"template":"","format":"standard","meta":[],"categories":[1],"tags":[],"_links":{"self":[{"href":"https:\/\/primarylibrary.esfparents.org\/index.php?rest_route=\/wp\/v2\/posts\/1490"}],"collection":[{"href":"https:\/\/primarylibrary.esfparents.org\/index.php?rest_route=\/wp\/v2\/posts"}],"about":[{"href":"https:\/\/primarylibrary.esfparents.org\/index.php?rest_route=\/wp\/v2\/types\/post"}],"author":[{"embeddable":true,"href":"https:\/\/primarylibrary.esfparents.org\/index.php?rest_route=\/wp\/v2\/users\/2"}],"replies":[{"embeddable":true,"href":"https:\/\/primarylibrary.esfparents.org\/index.php?rest_route=%2Fwp%2Fv2%2Fcomments&post=1490"}],"version-history":[{"count":11,"href":"https:\/\/primarylibrary.esfparents.org\/index.php?rest_route=\/wp\/v2\/posts\/1490\/revisions"}],"predecessor-version":[{"id":1568,"href":"https:\/\/primarylibrary.esfparents.org\/index.php?rest_route=\/wp\/v2\/posts\/1490\/revisions\/1568"}],"wp:attachment":[{"href":"https:\/\/primarylibrary.esfparents.org\/index.php?rest_route=%2Fwp%2Fv2%2Fmedia&parent=1490"}],"wp:term":[{"taxonomy":"category","embeddable":true,"href":"https:\/\/primarylibrary.esfparents.org\/index.php?rest_route=%2Fwp%2Fv2%2Fcategories&post=1490"},{"taxonomy":"post_tag","embeddable":true,"href":"https:\/\/primarylibrary.esfparents.org\/index.php?rest_route=%2Fwp%2Fv2%2Ftags&post=1490"}],"curies":[{"name":"wp","href":"https:\/\/api.w.org\/{rel}","templated":true}]}}