{"id":1550,"date":"2019-12-05T12:11:51","date_gmt":"2019-12-05T11:11:51","guid":{"rendered":"http:\/\/primarylibrary.esfparents.org\/?p=1550"},"modified":"2019-12-16T15:20:43","modified_gmt":"2019-12-16T14:20:43","slug":"poesia-con-marisa-alonso","status":"publish","type":"post","link":"https:\/\/primarylibrary.esfparents.org\/?p=1550","title":{"rendered":"Poes\u00eda con Marisa Alonso"},"content":{"rendered":"<p>Gedichte f\u00fcr Kinder sind in Spanien (noch) un\u00fcblich: Marisa Alonso erz\u00e4hlte den<strong> Kindern der 4. und 5. Klasse Spanisch<\/strong>, wie sie w\u00e4hrend einer Krankheit anfing, Gedichte f\u00fcr Kinder zu schreiben. Sie las aus ihren verschiedenen B\u00fcchern vor und animierte die Kinder, kleine Rollen dabei zu \u00fcbernehmen. Am Schluss durften sie selbst Gedichte schreiben und auch illustrieren.<br \/>\nSof\u00eda P\u00e9rez (P 5) kommentiert: <em>&#8220;Nos ha recitado algunas de sus poesias. Son preciosos y divertidas, no hemos reido mucho. Tambien hemos interpretado sus poes\u00edas, ha sido muy gracioso.&#8221;<\/em><br \/>\n<a href=\"http:\/\/primarylibrary.esfparents.org\/wp-content\/uploads\/2019\/12\/Marisa-1-klein.jpg\"><img loading=\"lazy\" src=\"http:\/\/primarylibrary.esfparents.org\/wp-content\/uploads\/2019\/12\/Marisa-1-klein-300x225.jpg\" alt=\"\" width=\"300\" height=\"225\" class=\"alignnone size-medium wp-image-1552\" srcset=\"https:\/\/primarylibrary.esfparents.org\/wp-content\/uploads\/2019\/12\/Marisa-1-klein-300x225.jpg 300w, https:\/\/primarylibrary.esfparents.org\/wp-content\/uploads\/2019\/12\/Marisa-1-klein.jpg 500w\" sizes=\"(max-width: 300px) 100vw, 300px\" \/><\/a><\/p>\n<p><a href=\"http:\/\/primarylibrary.esfparents.org\/wp-content\/uploads\/2019\/12\/Marisa-2-klein.jpg\"><img loading=\"lazy\" src=\"http:\/\/primarylibrary.esfparents.org\/wp-content\/uploads\/2019\/12\/Marisa-2-klein-300x225.jpg\" alt=\"\" width=\"300\" height=\"225\" class=\"alignnone size-medium wp-image-1553\" srcset=\"https:\/\/primarylibrary.esfparents.org\/wp-content\/uploads\/2019\/12\/Marisa-2-klein-300x225.jpg 300w, https:\/\/primarylibrary.esfparents.org\/wp-content\/uploads\/2019\/12\/Marisa-2-klein.jpg 500w\" sizes=\"(max-width: 300px) 100vw, 300px\" \/><\/a><\/p>\n","protected":false},"excerpt":{"rendered":"<p>Gedichte f\u00fcr Kinder sind in Spanien (noch) un\u00fcblich: Marisa Alonso erz\u00e4hlte den Kindern der 4. und 5. Klasse Spanisch, wie sie w\u00e4hrend einer Krankheit anfing, Gedichte f\u00fcr Kinder zu schreiben. Sie las aus ihren verschiedenen B\u00fcchern vor und animierte die &hellip; <a href=\"https:\/\/primarylibrary.esfparents.org\/?p=1550\">Continue reading <span class=\"meta-nav\">&rarr;<\/span><\/a><\/p>\n","protected":false},"author":2,"featured_media":0,"comment_status":"closed","ping_status":"closed","sticky":false,"template":"","format":"standard","meta":[],"categories":[1],"tags":[],"_links":{"self":[{"href":"https:\/\/primarylibrary.esfparents.org\/index.php?rest_route=\/wp\/v2\/posts\/1550"}],"collection":[{"href":"https:\/\/primarylibrary.esfparents.org\/index.php?rest_route=\/wp\/v2\/posts"}],"about":[{"href":"https:\/\/primarylibrary.esfparents.org\/index.php?rest_route=\/wp\/v2\/types\/post"}],"author":[{"embeddable":true,"href":"https:\/\/primarylibrary.esfparents.org\/index.php?rest_route=\/wp\/v2\/users\/2"}],"replies":[{"embeddable":true,"href":"https:\/\/primarylibrary.esfparents.org\/index.php?rest_route=%2Fwp%2Fv2%2Fcomments&post=1550"}],"version-history":[{"count":6,"href":"https:\/\/primarylibrary.esfparents.org\/index.php?rest_route=\/wp\/v2\/posts\/1550\/revisions"}],"predecessor-version":[{"id":1567,"href":"https:\/\/primarylibrary.esfparents.org\/index.php?rest_route=\/wp\/v2\/posts\/1550\/revisions\/1567"}],"wp:attachment":[{"href":"https:\/\/primarylibrary.esfparents.org\/index.php?rest_route=%2Fwp%2Fv2%2Fmedia&parent=1550"}],"wp:term":[{"taxonomy":"category","embeddable":true,"href":"https:\/\/primarylibrary.esfparents.org\/index.php?rest_route=%2Fwp%2Fv2%2Fcategories&post=1550"},{"taxonomy":"post_tag","embeddable":true,"href":"https:\/\/primarylibrary.esfparents.org\/index.php?rest_route=%2Fwp%2Fv2%2Ftags&post=1550"}],"curies":[{"name":"wp","href":"https:\/\/api.w.org\/{rel}","templated":true}]}}