{"id":171,"date":"2013-02-21T18:28:36","date_gmt":"2013-02-21T17:28:36","guid":{"rendered":"http:\/\/primarylibrary.esfparents.org\/?p=171"},"modified":"2013-04-10T13:56:34","modified_gmt":"2013-04-10T12:56:34","slug":"letzter-tag-schreibwerkstatt-mit-marie-hubner","status":"publish","type":"post","link":"https:\/\/primarylibrary.esfparents.org\/?p=171","title":{"rendered":"Letzter Tag: Schreibwerkstatt mit Marie H\u00fcbner"},"content":{"rendered":"<p>Heute war der letzte Tag der Schreibwerkstatt mit Marie H\u00fcbner in den <strong>europ\u00e4ischen Stunden der f\u00fcnften Grundschulklassen<\/strong>.<br \/>\nDie Illustratorin und Autorin erkl\u00e4rte den Kindern, wie man einen Buchtitel gestaltet.<\/p>\n<p><a href=\"http:\/\/primarylibrary.esfparents.org\/wp-content\/uploads\/2013\/02\/IMG_4155-2.jpg\"><img loading=\"lazy\" class=\"alignnone size-medium wp-image-285\" alt=\"IMG_4155-2\" src=\"http:\/\/primarylibrary.esfparents.org\/wp-content\/uploads\/2013\/02\/IMG_4155-2-300x199.jpg\" width=\"300\" height=\"199\" srcset=\"https:\/\/primarylibrary.esfparents.org\/wp-content\/uploads\/2013\/02\/IMG_4155-2-300x199.jpg 300w, https:\/\/primarylibrary.esfparents.org\/wp-content\/uploads\/2013\/02\/IMG_4155-2.jpg 800w\" sizes=\"(max-width: 300px) 100vw, 300px\" \/><\/a><\/p>\n<p>Daraufhin zeichneten die Kinder ihre eigenen Cover f\u00fcr die Geschichten, die sie in den vorausgegangenen Doppelstunden geschrieben hatten.<br \/>\n<strong>&#8220;Mich hat vor allem fasziniert, dass italienische, deutsche, franz\u00f6sische und englische Kinder sich auf eine Sprache einigen und eine Geschichte zusammen schreiben k\u00f6nnen&#8221;<\/strong>, schw\u00e4rmte H\u00fcbner. Auch Gabriele Christ, die in den europ\u00e4ischen Stunden der f\u00fcnften Klassen lehrt, war sehr angetan: &#8220;Es macht schon einen Unterschied, wenn eine professionelle Illustratorin oder Autorin die Kinder zum Zeichnen und Schreiben anleitet. Sie waren total bei der Sache&#8221;, sagte sie.<br \/>\nEs war bereits die zweite Schreibwerkstatt mit Marie H\u00fcbner f\u00fcr die f\u00fcnften Klassen. Im folgenden Turnus der europ\u00e4ischen Stunden bei Frau Christ wird der Autor Udo Luh mit den Kindern ein Buch gestalten.<\/p>\n","protected":false},"excerpt":{"rendered":"<p>Heute war der letzte Tag der Schreibwerkstatt mit Marie H\u00fcbner in den europ\u00e4ischen Stunden der f\u00fcnften Grundschulklassen. Die Illustratorin und Autorin erkl\u00e4rte den Kindern, wie man einen Buchtitel gestaltet. Daraufhin zeichneten die Kinder ihre eigenen Cover f\u00fcr die Geschichten, die &hellip; <a href=\"https:\/\/primarylibrary.esfparents.org\/?p=171\">Continue reading <span class=\"meta-nav\">&rarr;<\/span><\/a><\/p>\n","protected":false},"author":2,"featured_media":0,"comment_status":"open","ping_status":"open","sticky":false,"template":"","format":"standard","meta":[],"categories":[1],"tags":[],"_links":{"self":[{"href":"https:\/\/primarylibrary.esfparents.org\/index.php?rest_route=\/wp\/v2\/posts\/171"}],"collection":[{"href":"https:\/\/primarylibrary.esfparents.org\/index.php?rest_route=\/wp\/v2\/posts"}],"about":[{"href":"https:\/\/primarylibrary.esfparents.org\/index.php?rest_route=\/wp\/v2\/types\/post"}],"author":[{"embeddable":true,"href":"https:\/\/primarylibrary.esfparents.org\/index.php?rest_route=\/wp\/v2\/users\/2"}],"replies":[{"embeddable":true,"href":"https:\/\/primarylibrary.esfparents.org\/index.php?rest_route=%2Fwp%2Fv2%2Fcomments&post=171"}],"version-history":[{"count":9,"href":"https:\/\/primarylibrary.esfparents.org\/index.php?rest_route=\/wp\/v2\/posts\/171\/revisions"}],"predecessor-version":[{"id":205,"href":"https:\/\/primarylibrary.esfparents.org\/index.php?rest_route=\/wp\/v2\/posts\/171\/revisions\/205"}],"wp:attachment":[{"href":"https:\/\/primarylibrary.esfparents.org\/index.php?rest_route=%2Fwp%2Fv2%2Fmedia&parent=171"}],"wp:term":[{"taxonomy":"category","embeddable":true,"href":"https:\/\/primarylibrary.esfparents.org\/index.php?rest_route=%2Fwp%2Fv2%2Fcategories&post=171"},{"taxonomy":"post_tag","embeddable":true,"href":"https:\/\/primarylibrary.esfparents.org\/index.php?rest_route=%2Fwp%2Fv2%2Ftags&post=171"}],"curies":[{"name":"wp","href":"https:\/\/api.w.org\/{rel}","templated":true}]}}