{"id":1809,"date":"2022-11-28T14:12:25","date_gmt":"2022-11-28T13:12:25","guid":{"rendered":"http:\/\/primarylibrary.esfparents.org\/?p=1809"},"modified":"2022-12-12T10:50:41","modified_gmt":"2022-12-12T09:50:41","slug":"martina-wildner","status":"publish","type":"post","link":"https:\/\/primarylibrary.esfparents.org\/?p=1809","title":{"rendered":"MARTINA WILDNER"},"content":{"rendered":"\n<figure class=\"wp-block-image size-large\"><a href=\"http:\/\/primarylibrary.esfparents.org\/wp-content\/uploads\/2022\/11\/Wildner-Lesung-scaled.jpg\"><img loading=\"lazy\" width=\"1024\" height=\"768\" src=\"http:\/\/primarylibrary.esfparents.org\/wp-content\/uploads\/2022\/11\/Wildner-Lesung-1024x768.jpg\" alt=\"\" class=\"wp-image-1811\" srcset=\"https:\/\/primarylibrary.esfparents.org\/wp-content\/uploads\/2022\/11\/Wildner-Lesung-1024x768.jpg 1024w, https:\/\/primarylibrary.esfparents.org\/wp-content\/uploads\/2022\/11\/Wildner-Lesung-300x225.jpg 300w, https:\/\/primarylibrary.esfparents.org\/wp-content\/uploads\/2022\/11\/Wildner-Lesung-768x576.jpg 768w, https:\/\/primarylibrary.esfparents.org\/wp-content\/uploads\/2022\/11\/Wildner-Lesung-1536x1152.jpg 1536w, https:\/\/primarylibrary.esfparents.org\/wp-content\/uploads\/2022\/11\/Wildner-Lesung-2048x1536.jpg 2048w\" sizes=\"(max-width: 1024px) 100vw, 1024px\" \/><\/a><\/figure>\n\n\n\n<p>Die in Berlin lebende Autorin las aus ihrem Buch <strong>&#8220;Der Himmel \u00fcber dem Platz&#8221;<\/strong> f\u00fcr die 4. und 5.  Klassen der deutschen Sektion. Es ging um Fu\u00dfball, besonders M\u00e4dchen-Fu\u00dfball &#8211; zu WM-Zeiten besonders spannend f\u00fcr die Kinder! Es wurden sogar kritische T\u00f6ne \u00fcber Quatar laut! <\/p>\n\n\n\n<figure class=\"wp-block-image size-large\"><a href=\"http:\/\/primarylibrary.esfparents.org\/wp-content\/uploads\/2022\/11\/Wildner-Kinder-scaled.jpg\"><img loading=\"lazy\" width=\"1024\" height=\"768\" src=\"http:\/\/primarylibrary.esfparents.org\/wp-content\/uploads\/2022\/11\/Wildner-Kinder-1024x768.jpg\" alt=\"\" class=\"wp-image-1813\" srcset=\"https:\/\/primarylibrary.esfparents.org\/wp-content\/uploads\/2022\/11\/Wildner-Kinder-1024x768.jpg 1024w, https:\/\/primarylibrary.esfparents.org\/wp-content\/uploads\/2022\/11\/Wildner-Kinder-300x225.jpg 300w, https:\/\/primarylibrary.esfparents.org\/wp-content\/uploads\/2022\/11\/Wildner-Kinder-768x576.jpg 768w, https:\/\/primarylibrary.esfparents.org\/wp-content\/uploads\/2022\/11\/Wildner-Kinder-1536x1152.jpg 1536w, https:\/\/primarylibrary.esfparents.org\/wp-content\/uploads\/2022\/11\/Wildner-Kinder-2048x1536.jpg 2048w\" sizes=\"(max-width: 1024px) 100vw, 1024px\" \/><\/a><\/figure>\n\n\n\n<p>Was gefiel Dir an der Lesung?<\/p>\n\n\n\n<p><em>Die Autorin hat sich gut vorgestellt und eingef\u00fchrt. Das Buch fand ich gut, weil das M\u00e4dchen einfach an sich glaubt und wei\u00df, dass es besser ist.<\/em><\/p>\n\n\n\n<p>Was h\u00e4tte ich mir noch gew\u00fcnscht?<\/p>\n\n\n\n<p><em>Dass sie mehr und l\u00e4nger gelesen h\u00e4tte. <\/em><\/p>\n\n\n\n<p>Asger Thorhauge, P 5 DE A<\/p>\n\n\n\n<figure class=\"wp-block-image size-large\"><a href=\"http:\/\/primarylibrary.esfparents.org\/wp-content\/uploads\/2022\/11\/Wildner-Signier-scaled.jpg\"><img loading=\"lazy\" width=\"1024\" height=\"768\" src=\"http:\/\/primarylibrary.esfparents.org\/wp-content\/uploads\/2022\/11\/Wildner-Signier-1024x768.jpg\" alt=\"\" class=\"wp-image-1814\" srcset=\"https:\/\/primarylibrary.esfparents.org\/wp-content\/uploads\/2022\/11\/Wildner-Signier-1024x768.jpg 1024w, https:\/\/primarylibrary.esfparents.org\/wp-content\/uploads\/2022\/11\/Wildner-Signier-300x225.jpg 300w, https:\/\/primarylibrary.esfparents.org\/wp-content\/uploads\/2022\/11\/Wildner-Signier-768x576.jpg 768w, https:\/\/primarylibrary.esfparents.org\/wp-content\/uploads\/2022\/11\/Wildner-Signier-1536x1152.jpg 1536w, https:\/\/primarylibrary.esfparents.org\/wp-content\/uploads\/2022\/11\/Wildner-Signier-2048x1536.jpg 2048w\" sizes=\"(max-width: 1024px) 100vw, 1024px\" \/><\/a><\/figure>\n\n\n\n<p><\/p>\n","protected":false},"excerpt":{"rendered":"<p>Die in Berlin lebende Autorin las aus ihrem Buch &#8220;Der Himmel \u00fcber dem Platz&#8221; f\u00fcr die 4. und 5. Klassen der deutschen Sektion. Es ging um Fu\u00dfball, besonders M\u00e4dchen-Fu\u00dfball &#8211; zu WM-Zeiten besonders spannend f\u00fcr die Kinder! Es wurden sogar &hellip; <a href=\"https:\/\/primarylibrary.esfparents.org\/?p=1809\">Continue reading <span class=\"meta-nav\">&rarr;<\/span><\/a><\/p>\n","protected":false},"author":2,"featured_media":0,"comment_status":"closed","ping_status":"closed","sticky":false,"template":"","format":"standard","meta":[],"categories":[1],"tags":[],"_links":{"self":[{"href":"https:\/\/primarylibrary.esfparents.org\/index.php?rest_route=\/wp\/v2\/posts\/1809"}],"collection":[{"href":"https:\/\/primarylibrary.esfparents.org\/index.php?rest_route=\/wp\/v2\/posts"}],"about":[{"href":"https:\/\/primarylibrary.esfparents.org\/index.php?rest_route=\/wp\/v2\/types\/post"}],"author":[{"embeddable":true,"href":"https:\/\/primarylibrary.esfparents.org\/index.php?rest_route=\/wp\/v2\/users\/2"}],"replies":[{"embeddable":true,"href":"https:\/\/primarylibrary.esfparents.org\/index.php?rest_route=%2Fwp%2Fv2%2Fcomments&post=1809"}],"version-history":[{"count":6,"href":"https:\/\/primarylibrary.esfparents.org\/index.php?rest_route=\/wp\/v2\/posts\/1809\/revisions"}],"predecessor-version":[{"id":1830,"href":"https:\/\/primarylibrary.esfparents.org\/index.php?rest_route=\/wp\/v2\/posts\/1809\/revisions\/1830"}],"wp:attachment":[{"href":"https:\/\/primarylibrary.esfparents.org\/index.php?rest_route=%2Fwp%2Fv2%2Fmedia&parent=1809"}],"wp:term":[{"taxonomy":"category","embeddable":true,"href":"https:\/\/primarylibrary.esfparents.org\/index.php?rest_route=%2Fwp%2Fv2%2Fcategories&post=1809"},{"taxonomy":"post_tag","embeddable":true,"href":"https:\/\/primarylibrary.esfparents.org\/index.php?rest_route=%2Fwp%2Fv2%2Ftags&post=1809"}],"curies":[{"name":"wp","href":"https:\/\/api.w.org\/{rel}","templated":true}]}}