{"id":2107,"date":"2024-10-21T10:41:29","date_gmt":"2024-10-21T09:41:29","guid":{"rendered":"https:\/\/primarylibrary.esfparents.org\/?p=2107"},"modified":"2025-06-30T15:23:19","modified_gmt":"2025-06-30T14:23:19","slug":"giulia-orecchia-illustratore","status":"publish","type":"post","link":"https:\/\/primarylibrary.esfparents.org\/?p=2107","title":{"rendered":"Italia: Illustratrice Giulia Orecchia"},"content":{"rendered":"\n<p>&#8220;<em>Bellissima, divertentissima &#8230; un&#8217; altra storia per favore&#8230;&#8221;<\/em> sagten viele Sch\u00fcler und Sch\u00fclerinnen nach den Vorf\u00fchrungen von animierten Bilderb\u00fcchern, die die sehr erfahrene  Illustratorin Giulia Orecchia auf dem Whiteboard vorspielte. Sie begeisterte Kinder vom Kindergarten bis zur dritten Klasse Italienisch mit ihren besonders sch\u00f6nen Bilderb\u00fcchern. In den Tagen danach ging es im Kunstunterricht weiter &#8230;<\/p>\n\n\n\n<p><\/p>\n\n\n\n<figure class=\"wp-block-image size-large\"><a href=\"https:\/\/primarylibrary.esfparents.org\/wp-content\/uploads\/2024\/10\/Giulia-2-scaled.jpg\"><img loading=\"lazy\" width=\"768\" height=\"1024\" src=\"https:\/\/primarylibrary.esfparents.org\/wp-content\/uploads\/2024\/10\/Giulia-2-768x1024.jpg\" alt=\"\" class=\"wp-image-2108\" srcset=\"https:\/\/primarylibrary.esfparents.org\/wp-content\/uploads\/2024\/10\/Giulia-2-768x1024.jpg 768w, https:\/\/primarylibrary.esfparents.org\/wp-content\/uploads\/2024\/10\/Giulia-2-225x300.jpg 225w, https:\/\/primarylibrary.esfparents.org\/wp-content\/uploads\/2024\/10\/Giulia-2-1152x1536.jpg 1152w, https:\/\/primarylibrary.esfparents.org\/wp-content\/uploads\/2024\/10\/Giulia-2-1536x2048.jpg 1536w, https:\/\/primarylibrary.esfparents.org\/wp-content\/uploads\/2024\/10\/Giulia-2-scaled.jpg 1920w\" sizes=\"(max-width: 768px) 100vw, 768px\" \/><\/a><\/figure>\n\n\n\n<figure class=\"wp-block-image size-large\"><a href=\"https:\/\/primarylibrary.esfparents.org\/wp-content\/uploads\/2024\/10\/Giulia-in-Aktion-scaled.jpg\"><img loading=\"lazy\" width=\"1024\" height=\"768\" src=\"https:\/\/primarylibrary.esfparents.org\/wp-content\/uploads\/2024\/10\/Giulia-in-Aktion-1024x768.jpg\" alt=\"\" class=\"wp-image-2109\" srcset=\"https:\/\/primarylibrary.esfparents.org\/wp-content\/uploads\/2024\/10\/Giulia-in-Aktion-1024x768.jpg 1024w, https:\/\/primarylibrary.esfparents.org\/wp-content\/uploads\/2024\/10\/Giulia-in-Aktion-300x225.jpg 300w, https:\/\/primarylibrary.esfparents.org\/wp-content\/uploads\/2024\/10\/Giulia-in-Aktion-768x576.jpg 768w, https:\/\/primarylibrary.esfparents.org\/wp-content\/uploads\/2024\/10\/Giulia-in-Aktion-1536x1152.jpg 1536w, https:\/\/primarylibrary.esfparents.org\/wp-content\/uploads\/2024\/10\/Giulia-in-Aktion-2048x1536.jpg 2048w\" sizes=\"(max-width: 1024px) 100vw, 1024px\" \/><\/a><\/figure>\n\n\n\n<figure class=\"wp-block-image\"><img alt=\"\"\/><\/figure>\n\n\n\n<p><\/p>\n","protected":false},"excerpt":{"rendered":"<p>&#8220;Bellissima, divertentissima &#8230; un&#8217; altra storia per favore&#8230;&#8221; sagten viele Sch\u00fcler und Sch\u00fclerinnen nach den Vorf\u00fchrungen von animierten Bilderb\u00fcchern, die die sehr erfahrene Illustratorin Giulia Orecchia auf dem Whiteboard vorspielte. Sie begeisterte Kinder vom Kindergarten bis zur dritten Klasse Italienisch &hellip; <a href=\"https:\/\/primarylibrary.esfparents.org\/?p=2107\">Continue reading <span class=\"meta-nav\">&rarr;<\/span><\/a><\/p>\n","protected":false},"author":2,"featured_media":0,"comment_status":"closed","ping_status":"closed","sticky":false,"template":"","format":"standard","meta":[],"categories":[1],"tags":[],"_links":{"self":[{"href":"https:\/\/primarylibrary.esfparents.org\/index.php?rest_route=\/wp\/v2\/posts\/2107"}],"collection":[{"href":"https:\/\/primarylibrary.esfparents.org\/index.php?rest_route=\/wp\/v2\/posts"}],"about":[{"href":"https:\/\/primarylibrary.esfparents.org\/index.php?rest_route=\/wp\/v2\/types\/post"}],"author":[{"embeddable":true,"href":"https:\/\/primarylibrary.esfparents.org\/index.php?rest_route=\/wp\/v2\/users\/2"}],"replies":[{"embeddable":true,"href":"https:\/\/primarylibrary.esfparents.org\/index.php?rest_route=%2Fwp%2Fv2%2Fcomments&post=2107"}],"version-history":[{"count":9,"href":"https:\/\/primarylibrary.esfparents.org\/index.php?rest_route=\/wp\/v2\/posts\/2107\/revisions"}],"predecessor-version":[{"id":2301,"href":"https:\/\/primarylibrary.esfparents.org\/index.php?rest_route=\/wp\/v2\/posts\/2107\/revisions\/2301"}],"wp:attachment":[{"href":"https:\/\/primarylibrary.esfparents.org\/index.php?rest_route=%2Fwp%2Fv2%2Fmedia&parent=2107"}],"wp:term":[{"taxonomy":"category","embeddable":true,"href":"https:\/\/primarylibrary.esfparents.org\/index.php?rest_route=%2Fwp%2Fv2%2Fcategories&post=2107"},{"taxonomy":"post_tag","embeddable":true,"href":"https:\/\/primarylibrary.esfparents.org\/index.php?rest_route=%2Fwp%2Fv2%2Ftags&post=2107"}],"curies":[{"name":"wp","href":"https:\/\/api.w.org\/{rel}","templated":true}]}}