{"id":2116,"date":"2024-10-21T15:04:58","date_gmt":"2024-10-21T14:04:58","guid":{"rendered":"https:\/\/primarylibrary.esfparents.org\/?p=2116"},"modified":"2025-06-30T15:22:58","modified_gmt":"2025-06-30T14:22:58","slug":"marta-palazzesi-autore","status":"publish","type":"post","link":"https:\/\/primarylibrary.esfparents.org\/?p=2116","title":{"rendered":"Italia: Autrice Marta Palazzesi"},"content":{"rendered":"\n<p>Die Kinder der vierten und f\u00fcnften Klassen italienisch, sowie der S 1, S 2 und S 3  stellten Fantasy-Autorin Marta Palazzesi viele Fragen. Ihr neuster Roman &#8220;Piuma e Artiglio&#8221; liegt auch auf Deutsch unter dem Titel &#8220;Feder und Kralle&#8221; vor. Hier eine R\u00fcckmeldung aus der f\u00fcnften Klasse von Sofia Cravero: <em>&#8220;Marta Palazzesi \u00e9 diventata una delle mie scrittici preferite perch\u00e9 \u00e9 molto allegra, simpatica e si vedeva che non le piace stare da sola. E stata anche lei molto contenta di incontrare tutti noi bambini e ragazzi e ci ha fimrato tutti i nostri libri. Secondo me, le piaceva vedere i bambini con i suoi libri tutt contenti! Mi \u00e9 piacuta molto quest&#8217;esperienza!&#8221;<\/em><\/p>\n\n\n\n<figure class=\"wp-block-image size-large\"><a href=\"https:\/\/primarylibrary.esfparents.org\/wp-content\/uploads\/2024\/10\/Palazzessi-mit-mir.jpg\"><img loading=\"lazy\" width=\"1024\" height=\"576\" src=\"https:\/\/primarylibrary.esfparents.org\/wp-content\/uploads\/2024\/10\/Palazzessi-mit-mir-1024x576.jpg\" alt=\"\" class=\"wp-image-2117\" srcset=\"https:\/\/primarylibrary.esfparents.org\/wp-content\/uploads\/2024\/10\/Palazzessi-mit-mir-1024x576.jpg 1024w, https:\/\/primarylibrary.esfparents.org\/wp-content\/uploads\/2024\/10\/Palazzessi-mit-mir-300x169.jpg 300w, https:\/\/primarylibrary.esfparents.org\/wp-content\/uploads\/2024\/10\/Palazzessi-mit-mir-768x432.jpg 768w, https:\/\/primarylibrary.esfparents.org\/wp-content\/uploads\/2024\/10\/Palazzessi-mit-mir-1536x864.jpg 1536w, https:\/\/primarylibrary.esfparents.org\/wp-content\/uploads\/2024\/10\/Palazzessi-mit-mir.jpg 2016w\" sizes=\"(max-width: 1024px) 100vw, 1024px\" \/><\/a><\/figure>\n\n\n\n<figure class=\"wp-block-image size-large\"><a href=\"https:\/\/primarylibrary.esfparents.org\/wp-content\/uploads\/2024\/10\/Palazzessi-mit-Blumenstraus.jpg\"><img loading=\"lazy\" width=\"768\" height=\"1024\" src=\"https:\/\/primarylibrary.esfparents.org\/wp-content\/uploads\/2024\/10\/Palazzessi-mit-Blumenstraus-768x1024.jpg\" alt=\"\" class=\"wp-image-2118\" srcset=\"https:\/\/primarylibrary.esfparents.org\/wp-content\/uploads\/2024\/10\/Palazzessi-mit-Blumenstraus-768x1024.jpg 768w, https:\/\/primarylibrary.esfparents.org\/wp-content\/uploads\/2024\/10\/Palazzessi-mit-Blumenstraus-225x300.jpg 225w, https:\/\/primarylibrary.esfparents.org\/wp-content\/uploads\/2024\/10\/Palazzessi-mit-Blumenstraus-1152x1536.jpg 1152w, https:\/\/primarylibrary.esfparents.org\/wp-content\/uploads\/2024\/10\/Palazzessi-mit-Blumenstraus.jpg 1440w\" sizes=\"(max-width: 768px) 100vw, 768px\" \/><\/a><\/figure>\n","protected":false},"excerpt":{"rendered":"<p>Die Kinder der vierten und f\u00fcnften Klassen italienisch, sowie der S 1, S 2 und S 3 stellten Fantasy-Autorin Marta Palazzesi viele Fragen. Ihr neuster Roman &#8220;Piuma e Artiglio&#8221; liegt auch auf Deutsch unter dem Titel &#8220;Feder und Kralle&#8221; vor. &hellip; <a href=\"https:\/\/primarylibrary.esfparents.org\/?p=2116\">Continue reading <span class=\"meta-nav\">&rarr;<\/span><\/a><\/p>\n","protected":false},"author":2,"featured_media":0,"comment_status":"closed","ping_status":"closed","sticky":false,"template":"","format":"standard","meta":[],"categories":[1],"tags":[],"_links":{"self":[{"href":"https:\/\/primarylibrary.esfparents.org\/index.php?rest_route=\/wp\/v2\/posts\/2116"}],"collection":[{"href":"https:\/\/primarylibrary.esfparents.org\/index.php?rest_route=\/wp\/v2\/posts"}],"about":[{"href":"https:\/\/primarylibrary.esfparents.org\/index.php?rest_route=\/wp\/v2\/types\/post"}],"author":[{"embeddable":true,"href":"https:\/\/primarylibrary.esfparents.org\/index.php?rest_route=\/wp\/v2\/users\/2"}],"replies":[{"embeddable":true,"href":"https:\/\/primarylibrary.esfparents.org\/index.php?rest_route=%2Fwp%2Fv2%2Fcomments&post=2116"}],"version-history":[{"count":8,"href":"https:\/\/primarylibrary.esfparents.org\/index.php?rest_route=\/wp\/v2\/posts\/2116\/revisions"}],"predecessor-version":[{"id":2300,"href":"https:\/\/primarylibrary.esfparents.org\/index.php?rest_route=\/wp\/v2\/posts\/2116\/revisions\/2300"}],"wp:attachment":[{"href":"https:\/\/primarylibrary.esfparents.org\/index.php?rest_route=%2Fwp%2Fv2%2Fmedia&parent=2116"}],"wp:term":[{"taxonomy":"category","embeddable":true,"href":"https:\/\/primarylibrary.esfparents.org\/index.php?rest_route=%2Fwp%2Fv2%2Fcategories&post=2116"},{"taxonomy":"post_tag","embeddable":true,"href":"https:\/\/primarylibrary.esfparents.org\/index.php?rest_route=%2Fwp%2Fv2%2Ftags&post=2116"}],"curies":[{"name":"wp","href":"https:\/\/api.w.org\/{rel}","templated":true}]}}