{"id":2182,"date":"2024-12-09T09:05:42","date_gmt":"2024-12-09T08:05:42","guid":{"rendered":"http:\/\/primarylibrary.esfparents.org\/?p=2182"},"modified":"2025-03-24T10:03:26","modified_gmt":"2025-03-24T09:03:26","slug":"katarina-kubelova-aus-slowakien","status":"publish","type":"post","link":"https:\/\/primarylibrary.esfparents.org\/?p=2182","title":{"rendered":"Katarina Kucbelov\u00e1 aus der Slowakei"},"content":{"rendered":"\n<p>sprach mit den slowakischen Kindern aus Primar- und Sekundarschule \u00fcber ihre Arbeit als Schriftstellerin (f\u00fcr Erwachsene) und Finessen bei \u00dcbersetzungen.  Eine slowakische Kollegin und ihre Klasse aus der Europ\u00e4ischen Schule M\u00fcnchen waren digital  zugeschaltet.<\/p>\n\n\n\n<figure class=\"wp-block-image size-large\"><a href=\"http:\/\/primarylibrary.esfparents.org\/wp-content\/uploads\/2024\/12\/Katarina-K-scaled.jpg\"><img loading=\"lazy\" width=\"768\" height=\"1024\" src=\"http:\/\/primarylibrary.esfparents.org\/wp-content\/uploads\/2024\/12\/Katarina-K-768x1024.jpg\" alt=\"\" class=\"wp-image-2183\" srcset=\"https:\/\/primarylibrary.esfparents.org\/wp-content\/uploads\/2024\/12\/Katarina-K-768x1024.jpg 768w, https:\/\/primarylibrary.esfparents.org\/wp-content\/uploads\/2024\/12\/Katarina-K-225x300.jpg 225w, https:\/\/primarylibrary.esfparents.org\/wp-content\/uploads\/2024\/12\/Katarina-K-1152x1536.jpg 1152w, https:\/\/primarylibrary.esfparents.org\/wp-content\/uploads\/2024\/12\/Katarina-K-1536x2048.jpg 1536w, https:\/\/primarylibrary.esfparents.org\/wp-content\/uploads\/2024\/12\/Katarina-K-scaled.jpg 1920w\" sizes=\"(max-width: 768px) 100vw, 768px\" \/><\/a><\/figure>\n\n\n\n<figure class=\"wp-block-image size-large\"><a href=\"http:\/\/primarylibrary.esfparents.org\/wp-content\/uploads\/2024\/12\/KATARINA-3-scaled.jpg\"><img loading=\"lazy\" width=\"1024\" height=\"768\" src=\"http:\/\/primarylibrary.esfparents.org\/wp-content\/uploads\/2024\/12\/KATARINA-3-1024x768.jpg\" alt=\"\" class=\"wp-image-2184\" srcset=\"https:\/\/primarylibrary.esfparents.org\/wp-content\/uploads\/2024\/12\/KATARINA-3-1024x768.jpg 1024w, https:\/\/primarylibrary.esfparents.org\/wp-content\/uploads\/2024\/12\/KATARINA-3-300x225.jpg 300w, https:\/\/primarylibrary.esfparents.org\/wp-content\/uploads\/2024\/12\/KATARINA-3-768x576.jpg 768w, https:\/\/primarylibrary.esfparents.org\/wp-content\/uploads\/2024\/12\/KATARINA-3-1536x1152.jpg 1536w, https:\/\/primarylibrary.esfparents.org\/wp-content\/uploads\/2024\/12\/KATARINA-3-2048x1536.jpg 2048w\" sizes=\"(max-width: 1024px) 100vw, 1024px\" \/><\/a><\/figure>\n","protected":false},"excerpt":{"rendered":"<p>sprach mit den slowakischen Kindern aus Primar- und Sekundarschule \u00fcber ihre Arbeit als Schriftstellerin (f\u00fcr Erwachsene) und Finessen bei \u00dcbersetzungen. Eine slowakische Kollegin und ihre Klasse aus der Europ\u00e4ischen Schule M\u00fcnchen waren digital zugeschaltet.<\/p>\n","protected":false},"author":2,"featured_media":0,"comment_status":"closed","ping_status":"closed","sticky":false,"template":"","format":"standard","meta":[],"categories":[1],"tags":[],"_links":{"self":[{"href":"https:\/\/primarylibrary.esfparents.org\/index.php?rest_route=\/wp\/v2\/posts\/2182"}],"collection":[{"href":"https:\/\/primarylibrary.esfparents.org\/index.php?rest_route=\/wp\/v2\/posts"}],"about":[{"href":"https:\/\/primarylibrary.esfparents.org\/index.php?rest_route=\/wp\/v2\/types\/post"}],"author":[{"embeddable":true,"href":"https:\/\/primarylibrary.esfparents.org\/index.php?rest_route=\/wp\/v2\/users\/2"}],"replies":[{"embeddable":true,"href":"https:\/\/primarylibrary.esfparents.org\/index.php?rest_route=%2Fwp%2Fv2%2Fcomments&post=2182"}],"version-history":[{"count":4,"href":"https:\/\/primarylibrary.esfparents.org\/index.php?rest_route=\/wp\/v2\/posts\/2182\/revisions"}],"predecessor-version":[{"id":2202,"href":"https:\/\/primarylibrary.esfparents.org\/index.php?rest_route=\/wp\/v2\/posts\/2182\/revisions\/2202"}],"wp:attachment":[{"href":"https:\/\/primarylibrary.esfparents.org\/index.php?rest_route=%2Fwp%2Fv2%2Fmedia&parent=2182"}],"wp:term":[{"taxonomy":"category","embeddable":true,"href":"https:\/\/primarylibrary.esfparents.org\/index.php?rest_route=%2Fwp%2Fv2%2Fcategories&post=2182"},{"taxonomy":"post_tag","embeddable":true,"href":"https:\/\/primarylibrary.esfparents.org\/index.php?rest_route=%2Fwp%2Fv2%2Ftags&post=2182"}],"curies":[{"name":"wp","href":"https:\/\/api.w.org\/{rel}","templated":true}]}}