{"id":2244,"date":"2025-05-15T08:14:15","date_gmt":"2025-05-15T07:14:15","guid":{"rendered":"https:\/\/primarylibrary.esfparents.org\/?p=2244"},"modified":"2025-06-30T15:16:33","modified_gmt":"2025-06-30T14:16:33","slug":"hansel-und-gretel-oper-fur-den-kindergarten","status":"publish","type":"post","link":"https:\/\/primarylibrary.esfparents.org\/?p=2244","title":{"rendered":"H\u00e4nsel und Gretel &#8211; Oper f\u00fcr den Kindergarten"},"content":{"rendered":"\n<p>Dzuna Kalnina (Mezzosopran), Ingrid el Sigai (Sopran) und Markus Neumeyer (Pianist) von der &#8220;Kleinen Oper Bad Homburg&#8221; <a href=\"https:\/\/www.kleineoper.de\/fotos-und-videos\/index.html\">Fotos und Videos &#8211; Startseite<\/a><a href=\"https:\/\/www.kleineoper.de\/historie\/index.html\">&nbsp;<\/a>) f\u00fchrten die deutschen Kindergartenkinder spielerisch und kindgerecht in die Oper &#8220;H\u00e4nsel und Gretel&#8221; ein.<\/p>\n\n\n\n<p>Sie \u00fcbten mit den Kindern zwei Lieder aus der Engelbert Humperdinck Oper, spielten und sangen das M\u00e4rchen mit ihren vollt\u00f6nenden Opernstimmen und luden die Kinder zum Tanzen und Singen ein.  Die Kinder waren so fasziniert, dass sie teilweise mit offenem Mund zuh\u00f6rten. <\/p>\n\n\n\n<figure class=\"wp-block-image size-large\"><a href=\"https:\/\/primarylibrary.esfparents.org\/wp-content\/uploads\/2025\/05\/KALNINA-scaled.jpg\"><img loading=\"lazy\" width=\"1024\" height=\"768\" src=\"https:\/\/primarylibrary.esfparents.org\/wp-content\/uploads\/2025\/05\/KALNINA-1024x768.jpg\" alt=\"\" class=\"wp-image-2245\" srcset=\"https:\/\/primarylibrary.esfparents.org\/wp-content\/uploads\/2025\/05\/KALNINA-1024x768.jpg 1024w, https:\/\/primarylibrary.esfparents.org\/wp-content\/uploads\/2025\/05\/KALNINA-300x225.jpg 300w, https:\/\/primarylibrary.esfparents.org\/wp-content\/uploads\/2025\/05\/KALNINA-768x576.jpg 768w, https:\/\/primarylibrary.esfparents.org\/wp-content\/uploads\/2025\/05\/KALNINA-1536x1152.jpg 1536w, https:\/\/primarylibrary.esfparents.org\/wp-content\/uploads\/2025\/05\/KALNINA-2048x1536.jpg 2048w\" sizes=\"(max-width: 1024px) 100vw, 1024px\" \/><\/a><\/figure>\n\n\n\n<figure class=\"wp-block-image size-large\"><a href=\"https:\/\/primarylibrary.esfparents.org\/wp-content\/uploads\/2025\/05\/KALNINA1.jpg\"><img loading=\"lazy\" width=\"1024\" height=\"768\" src=\"https:\/\/primarylibrary.esfparents.org\/wp-content\/uploads\/2025\/05\/KALNINA1-1024x768.jpg\" alt=\"\" class=\"wp-image-2246\" srcset=\"https:\/\/primarylibrary.esfparents.org\/wp-content\/uploads\/2025\/05\/KALNINA1-1024x768.jpg 1024w, https:\/\/primarylibrary.esfparents.org\/wp-content\/uploads\/2025\/05\/KALNINA1-300x225.jpg 300w, https:\/\/primarylibrary.esfparents.org\/wp-content\/uploads\/2025\/05\/KALNINA1-768x576.jpg 768w, https:\/\/primarylibrary.esfparents.org\/wp-content\/uploads\/2025\/05\/KALNINA1-1536x1152.jpg 1536w, https:\/\/primarylibrary.esfparents.org\/wp-content\/uploads\/2025\/05\/KALNINA1.jpg 1920w\" sizes=\"(max-width: 1024px) 100vw, 1024px\" \/><\/a><\/figure>\n\n\n\n<figure class=\"wp-block-image size-large\"><a href=\"https:\/\/primarylibrary.esfparents.org\/wp-content\/uploads\/2025\/05\/Lebendige-Musikstunde-scaled.jpg\"><img loading=\"lazy\" width=\"1024\" height=\"683\" src=\"https:\/\/primarylibrary.esfparents.org\/wp-content\/uploads\/2025\/05\/Lebendige-Musikstunde-1024x683.jpg\" alt=\"\" class=\"wp-image-2247\" srcset=\"https:\/\/primarylibrary.esfparents.org\/wp-content\/uploads\/2025\/05\/Lebendige-Musikstunde-1024x683.jpg 1024w, https:\/\/primarylibrary.esfparents.org\/wp-content\/uploads\/2025\/05\/Lebendige-Musikstunde-300x200.jpg 300w, https:\/\/primarylibrary.esfparents.org\/wp-content\/uploads\/2025\/05\/Lebendige-Musikstunde-768x513.jpg 768w, https:\/\/primarylibrary.esfparents.org\/wp-content\/uploads\/2025\/05\/Lebendige-Musikstunde-1536x1025.jpg 1536w, https:\/\/primarylibrary.esfparents.org\/wp-content\/uploads\/2025\/05\/Lebendige-Musikstunde-2048x1367.jpg 2048w\" sizes=\"(max-width: 1024px) 100vw, 1024px\" \/><\/a><\/figure>\n","protected":false},"excerpt":{"rendered":"<p>Dzuna Kalnina (Mezzosopran), Ingrid el Sigai (Sopran) und Markus Neumeyer (Pianist) von der &#8220;Kleinen Oper Bad Homburg&#8221; Fotos und Videos &#8211; Startseite&nbsp;) f\u00fchrten die deutschen Kindergartenkinder spielerisch und kindgerecht in die Oper &#8220;H\u00e4nsel und Gretel&#8221; ein. Sie \u00fcbten mit den &hellip; <a href=\"https:\/\/primarylibrary.esfparents.org\/?p=2244\">Continue reading <span class=\"meta-nav\">&rarr;<\/span><\/a><\/p>\n","protected":false},"author":2,"featured_media":0,"comment_status":"closed","ping_status":"closed","sticky":false,"template":"","format":"standard","meta":[],"categories":[1],"tags":[],"_links":{"self":[{"href":"https:\/\/primarylibrary.esfparents.org\/index.php?rest_route=\/wp\/v2\/posts\/2244"}],"collection":[{"href":"https:\/\/primarylibrary.esfparents.org\/index.php?rest_route=\/wp\/v2\/posts"}],"about":[{"href":"https:\/\/primarylibrary.esfparents.org\/index.php?rest_route=\/wp\/v2\/types\/post"}],"author":[{"embeddable":true,"href":"https:\/\/primarylibrary.esfparents.org\/index.php?rest_route=\/wp\/v2\/users\/2"}],"replies":[{"embeddable":true,"href":"https:\/\/primarylibrary.esfparents.org\/index.php?rest_route=%2Fwp%2Fv2%2Fcomments&post=2244"}],"version-history":[{"count":6,"href":"https:\/\/primarylibrary.esfparents.org\/index.php?rest_route=\/wp\/v2\/posts\/2244\/revisions"}],"predecessor-version":[{"id":2297,"href":"https:\/\/primarylibrary.esfparents.org\/index.php?rest_route=\/wp\/v2\/posts\/2244\/revisions\/2297"}],"wp:attachment":[{"href":"https:\/\/primarylibrary.esfparents.org\/index.php?rest_route=%2Fwp%2Fv2%2Fmedia&parent=2244"}],"wp:term":[{"taxonomy":"category","embeddable":true,"href":"https:\/\/primarylibrary.esfparents.org\/index.php?rest_route=%2Fwp%2Fv2%2Fcategories&post=2244"},{"taxonomy":"post_tag","embeddable":true,"href":"https:\/\/primarylibrary.esfparents.org\/index.php?rest_route=%2Fwp%2Fv2%2Ftags&post=2244"}],"curies":[{"name":"wp","href":"https:\/\/api.w.org\/{rel}","templated":true}]}}