{"id":2273,"date":"2025-06-10T11:49:02","date_gmt":"2025-06-10T10:49:02","guid":{"rendered":"https:\/\/primarylibrary.esfparents.org\/?p=2273"},"modified":"2025-06-30T15:25:47","modified_gmt":"2025-06-30T14:25:47","slug":"die-welt-bei-uns-zu-gast","status":"publish","type":"post","link":"https:\/\/primarylibrary.esfparents.org\/?p=2273","title":{"rendered":"2024\/2025: Europa bei uns zu Gast"},"content":{"rendered":"\n<p>Autor*innen, Illustrator*innen, S\u00e4ngerinnen und Schauspieler aus Amerika, Deutschland, Frankreich, der Schweiz, England und Irland, Spanien, Griechenland, Portugal, Rum\u00e4nien, Ungarn, Slowenien, der Slowakei, Kroatien &#8230;. insgesamt 21 Lesungen, Gedichtworkshops, Illustrationsworkshops, Theaterworkshops und sogar eine kleine Oper regten die Kinder zum LESEN, Gedichte schreiben, zeichnen, malen, spielen, singen und tanzen ein.<\/p>\n\n\n\n<p>Auch im Schuljahr 2024\/2025 war es mir wieder eine Freude und Ehre, den Hunger auf gute Geschichten, die Phantasie und die Kreativit\u00e4t der wundervollen Primarschulkinder der Europ\u00e4ischen Schule Frankfurt zu f\u00f6rdern!<\/p>\n\n\n\n<p>Im Namen der Kinder danke ich der Schule und dem Elternverein f\u00fcr den mentalen und finanziellen R\u00fcckhalt f\u00fcr die tollen Veranstaltungen!<\/p>\n\n\n\n<p>Stephanie von Selchow, Bibliothekarin der Primarschule<\/p>\n\n\n\n<figure class=\"wp-block-image size-large\"><a href=\"https:\/\/primarylibrary.esfparents.org\/wp-content\/uploads\/2025\/06\/EVENTS-1-scaled.jpg\"><img loading=\"lazy\" width=\"768\" height=\"1024\" src=\"https:\/\/primarylibrary.esfparents.org\/wp-content\/uploads\/2025\/06\/EVENTS-1-768x1024.jpg\" alt=\"\" class=\"wp-image-2278\" srcset=\"https:\/\/primarylibrary.esfparents.org\/wp-content\/uploads\/2025\/06\/EVENTS-1-768x1024.jpg 768w, https:\/\/primarylibrary.esfparents.org\/wp-content\/uploads\/2025\/06\/EVENTS-1-225x300.jpg 225w, https:\/\/primarylibrary.esfparents.org\/wp-content\/uploads\/2025\/06\/EVENTS-1-1152x1536.jpg 1152w, https:\/\/primarylibrary.esfparents.org\/wp-content\/uploads\/2025\/06\/EVENTS-1-1536x2048.jpg 1536w, https:\/\/primarylibrary.esfparents.org\/wp-content\/uploads\/2025\/06\/EVENTS-1-scaled.jpg 1920w\" sizes=\"(max-width: 768px) 100vw, 768px\" \/><\/a><\/figure>\n\n\n\n<figure class=\"wp-block-image size-large\"><a href=\"https:\/\/primarylibrary.esfparents.org\/wp-content\/uploads\/2025\/06\/Events2-scaled.jpg\"><img loading=\"lazy\" width=\"768\" height=\"1024\" src=\"https:\/\/primarylibrary.esfparents.org\/wp-content\/uploads\/2025\/06\/Events2-768x1024.jpg\" alt=\"\" class=\"wp-image-2279\" srcset=\"https:\/\/primarylibrary.esfparents.org\/wp-content\/uploads\/2025\/06\/Events2-768x1024.jpg 768w, https:\/\/primarylibrary.esfparents.org\/wp-content\/uploads\/2025\/06\/Events2-225x300.jpg 225w, https:\/\/primarylibrary.esfparents.org\/wp-content\/uploads\/2025\/06\/Events2-1152x1536.jpg 1152w, https:\/\/primarylibrary.esfparents.org\/wp-content\/uploads\/2025\/06\/Events2-1536x2048.jpg 1536w, https:\/\/primarylibrary.esfparents.org\/wp-content\/uploads\/2025\/06\/Events2-scaled.jpg 1920w\" sizes=\"(max-width: 768px) 100vw, 768px\" \/><\/a><\/figure>\n","protected":false},"excerpt":{"rendered":"<p>Autor*innen, Illustrator*innen, S\u00e4ngerinnen und Schauspieler aus Amerika, Deutschland, Frankreich, der Schweiz, England und Irland, Spanien, Griechenland, Portugal, Rum\u00e4nien, Ungarn, Slowenien, der Slowakei, Kroatien &#8230;. insgesamt 21 Lesungen, Gedichtworkshops, Illustrationsworkshops, Theaterworkshops und sogar eine kleine Oper regten die Kinder zum LESEN, &hellip; <a href=\"https:\/\/primarylibrary.esfparents.org\/?p=2273\">Continue reading <span class=\"meta-nav\">&rarr;<\/span><\/a><\/p>\n","protected":false},"author":2,"featured_media":0,"comment_status":"closed","ping_status":"closed","sticky":false,"template":"","format":"standard","meta":[],"categories":[1],"tags":[],"_links":{"self":[{"href":"https:\/\/primarylibrary.esfparents.org\/index.php?rest_route=\/wp\/v2\/posts\/2273"}],"collection":[{"href":"https:\/\/primarylibrary.esfparents.org\/index.php?rest_route=\/wp\/v2\/posts"}],"about":[{"href":"https:\/\/primarylibrary.esfparents.org\/index.php?rest_route=\/wp\/v2\/types\/post"}],"author":[{"embeddable":true,"href":"https:\/\/primarylibrary.esfparents.org\/index.php?rest_route=\/wp\/v2\/users\/2"}],"replies":[{"embeddable":true,"href":"https:\/\/primarylibrary.esfparents.org\/index.php?rest_route=%2Fwp%2Fv2%2Fcomments&post=2273"}],"version-history":[{"count":6,"href":"https:\/\/primarylibrary.esfparents.org\/index.php?rest_route=\/wp\/v2\/posts\/2273\/revisions"}],"predecessor-version":[{"id":2303,"href":"https:\/\/primarylibrary.esfparents.org\/index.php?rest_route=\/wp\/v2\/posts\/2273\/revisions\/2303"}],"wp:attachment":[{"href":"https:\/\/primarylibrary.esfparents.org\/index.php?rest_route=%2Fwp%2Fv2%2Fmedia&parent=2273"}],"wp:term":[{"taxonomy":"category","embeddable":true,"href":"https:\/\/primarylibrary.esfparents.org\/index.php?rest_route=%2Fwp%2Fv2%2Fcategories&post=2273"},{"taxonomy":"post_tag","embeddable":true,"href":"https:\/\/primarylibrary.esfparents.org\/index.php?rest_route=%2Fwp%2Fv2%2Ftags&post=2273"}],"curies":[{"name":"wp","href":"https:\/\/api.w.org\/{rel}","templated":true}]}}