{"id":228,"date":"2013-02-28T19:19:32","date_gmt":"2013-02-28T18:19:32","guid":{"rendered":"http:\/\/primarylibrary.esfparents.org\/?p=228"},"modified":"2013-04-10T13:51:03","modified_gmt":"2013-04-10T12:51:03","slug":"mit-udo-luh-ein-buch-machen","status":"publish","type":"post","link":"https:\/\/primarylibrary.esfparents.org\/?p=228","title":{"rendered":"Mit Udo Luh ein Buch machen"},"content":{"rendered":"<p>In den <strong>europ\u00e4ischen Stunden f\u00fcr die f\u00fcnften Klassen<\/strong> erkl\u00e4rte der Autor und B\u00fcchermacher Udo Luh den Kindern heute, wie sie mit seiner Hilfe ein richtiges kleines Buch schreiben, malen und gestalten werden. Und schon folgte die erste Schreib\u00fcbung: Mit zehn zusammengetragenen W\u00f6rtern von Regenschirm \u00fcber Wasserkaraffe bis Skateboard eine Geschichte schreiben! In den n\u00e4chsten 6 Wochen ist Kreativit\u00e4t gefragt &#8230;<br \/>\n<a href=\"http:\/\/primarylibrary.esfparents.org\/wp-content\/uploads\/2013\/02\/IMG_4187-2.jpg\"><img loading=\"lazy\" class=\"alignnone size-medium wp-image-282\" alt=\"IMG_4187-2\" src=\"http:\/\/primarylibrary.esfparents.org\/wp-content\/uploads\/2013\/02\/IMG_4187-2-300x200.jpg\" width=\"300\" height=\"200\" srcset=\"https:\/\/primarylibrary.esfparents.org\/wp-content\/uploads\/2013\/02\/IMG_4187-2-300x200.jpg 300w, https:\/\/primarylibrary.esfparents.org\/wp-content\/uploads\/2013\/02\/IMG_4187-2.jpg 600w\" sizes=\"(max-width: 300px) 100vw, 300px\" \/><\/a><\/p>\n","protected":false},"excerpt":{"rendered":"<p>In den europ\u00e4ischen Stunden f\u00fcr die f\u00fcnften Klassen erkl\u00e4rte der Autor und B\u00fcchermacher Udo Luh den Kindern heute, wie sie mit seiner Hilfe ein richtiges kleines Buch schreiben, malen und gestalten werden. Und schon folgte die erste Schreib\u00fcbung: Mit zehn &hellip; <a href=\"https:\/\/primarylibrary.esfparents.org\/?p=228\">Continue reading <span class=\"meta-nav\">&rarr;<\/span><\/a><\/p>\n","protected":false},"author":2,"featured_media":0,"comment_status":"open","ping_status":"open","sticky":false,"template":"","format":"standard","meta":[],"categories":[1],"tags":[],"_links":{"self":[{"href":"https:\/\/primarylibrary.esfparents.org\/index.php?rest_route=\/wp\/v2\/posts\/228"}],"collection":[{"href":"https:\/\/primarylibrary.esfparents.org\/index.php?rest_route=\/wp\/v2\/posts"}],"about":[{"href":"https:\/\/primarylibrary.esfparents.org\/index.php?rest_route=\/wp\/v2\/types\/post"}],"author":[{"embeddable":true,"href":"https:\/\/primarylibrary.esfparents.org\/index.php?rest_route=\/wp\/v2\/users\/2"}],"replies":[{"embeddable":true,"href":"https:\/\/primarylibrary.esfparents.org\/index.php?rest_route=%2Fwp%2Fv2%2Fcomments&post=228"}],"version-history":[{"count":8,"href":"https:\/\/primarylibrary.esfparents.org\/index.php?rest_route=\/wp\/v2\/posts\/228\/revisions"}],"predecessor-version":[{"id":283,"href":"https:\/\/primarylibrary.esfparents.org\/index.php?rest_route=\/wp\/v2\/posts\/228\/revisions\/283"}],"wp:attachment":[{"href":"https:\/\/primarylibrary.esfparents.org\/index.php?rest_route=%2Fwp%2Fv2%2Fmedia&parent=228"}],"wp:term":[{"taxonomy":"category","embeddable":true,"href":"https:\/\/primarylibrary.esfparents.org\/index.php?rest_route=%2Fwp%2Fv2%2Fcategories&post=228"},{"taxonomy":"post_tag","embeddable":true,"href":"https:\/\/primarylibrary.esfparents.org\/index.php?rest_route=%2Fwp%2Fv2%2Ftags&post=228"}],"curies":[{"name":"wp","href":"https:\/\/api.w.org\/{rel}","templated":true}]}}