{"id":251,"date":"2013-03-20T13:37:27","date_gmt":"2013-03-20T12:37:27","guid":{"rendered":"http:\/\/primarylibrary.esfparents.org\/?p=251"},"modified":"2013-06-28T12:52:03","modified_gmt":"2013-06-28T11:52:03","slug":"haute-les-pattes","status":"publish","type":"post","link":"https:\/\/primarylibrary.esfparents.org\/?p=251","title":{"rendered":"&#8220;Haut les pattes!&#8221;"},"content":{"rendered":"<p>hie\u00df eines der charmanten B\u00fccher, aus dem die <strong>niederl\u00e4ndisch-franz\u00f6sische Autorin und Illustratorin <\/strong><strong>Catharina Valckxs <\/strong>zwei Gruppen von <strong>niederl\u00e4ndischen <\/strong>und <strong>franz\u00f6sischen Kindern der ersten und zweiten Klasse<\/strong> heute vorlas. Held des Buches ist der kleine Hamster Billy, der sich beruflich in dieselbe Richtung entwickeln soll wie sein Vater: Er soll R\u00e4uber werden!  &#8220;Pfoten hoch!&#8221; (&#8220;Haut les pattes!&#8221;) ist nat\u00fcrlich das erste, was man daf\u00fcr lernen muss.<br \/>\n<a href=\"http:\/\/primarylibrary.esfparents.org\/wp-content\/uploads\/2013\/03\/haut-les-pattes.jpg\"><img loading=\"lazy\" src=\"http:\/\/primarylibrary.esfparents.org\/wp-content\/uploads\/2013\/03\/haut-les-pattes.jpg\" alt=\"haut les pattes\" width=\"202\" height=\"250\" class=\"alignnone size-full wp-image-359\" \/><\/a><br \/>\nBilly zieht los, um zu &#8220;\u00fcben&#8221;: Aber der erste, den er trifft, ist ein Regenwurm. Doch der hat nat\u00fcrlich gar keine Pfoten, die er heben kann &#8230;<br \/>\nCatharina Valckxs, die Kunst studiert hat, zeichnete auch f\u00fcr die Kinder und hinterlie\u00df uns ein paar sehr sch\u00f6ne Bilder, die bald auf den W\u00e4nden der Grundschule zu bewundern sein werden.<br \/>\n<a href=\"http:\/\/primarylibrary.esfparents.org\/wp-content\/uploads\/2013\/03\/photo-2.jpg\"><img loading=\"lazy\" class=\"alignnone size-medium wp-image-258\" alt=\"photo\" src=\"http:\/\/primarylibrary.esfparents.org\/wp-content\/uploads\/2013\/03\/photo-225x300.jpg\" width=\"225\" height=\"300\" srcset=\"https:\/\/primarylibrary.esfparents.org\/wp-content\/uploads\/2013\/03\/photo-225x300.jpg 225w, https:\/\/primarylibrary.esfparents.org\/wp-content\/uploads\/2013\/03\/photo-768x1024.jpg 768w, https:\/\/primarylibrary.esfparents.org\/wp-content\/uploads\/2013\/03\/photo.jpg 1224w\" sizes=\"(max-width: 225px) 100vw, 225px\" \/> <img loading=\"lazy\" class=\"alignnone size-medium wp-image-260\" alt=\"photo (2)\" src=\"http:\/\/primarylibrary.esfparents.org\/wp-content\/uploads\/2013\/03\/photo-2-225x300.jpg\" width=\"225\" height=\"300\" srcset=\"https:\/\/primarylibrary.esfparents.org\/wp-content\/uploads\/2013\/03\/photo-2-225x300.jpg 225w, https:\/\/primarylibrary.esfparents.org\/wp-content\/uploads\/2013\/03\/photo-2-768x1024.jpg 768w, https:\/\/primarylibrary.esfparents.org\/wp-content\/uploads\/2013\/03\/photo-2.jpg 1224w\" sizes=\"(max-width: 225px) 100vw, 225px\" \/><\/a><\/p>\n","protected":false},"excerpt":{"rendered":"<p>hie\u00df eines der charmanten B\u00fccher, aus dem die niederl\u00e4ndisch-franz\u00f6sische Autorin und Illustratorin Catharina Valckxs zwei Gruppen von niederl\u00e4ndischen und franz\u00f6sischen Kindern der ersten und zweiten Klasse heute vorlas. Held des Buches ist der kleine Hamster Billy, der sich beruflich in &hellip; <a href=\"https:\/\/primarylibrary.esfparents.org\/?p=251\">Continue reading <span class=\"meta-nav\">&rarr;<\/span><\/a><\/p>\n","protected":false},"author":2,"featured_media":0,"comment_status":"open","ping_status":"open","sticky":false,"template":"","format":"standard","meta":[],"categories":[1],"tags":[],"_links":{"self":[{"href":"https:\/\/primarylibrary.esfparents.org\/index.php?rest_route=\/wp\/v2\/posts\/251"}],"collection":[{"href":"https:\/\/primarylibrary.esfparents.org\/index.php?rest_route=\/wp\/v2\/posts"}],"about":[{"href":"https:\/\/primarylibrary.esfparents.org\/index.php?rest_route=\/wp\/v2\/types\/post"}],"author":[{"embeddable":true,"href":"https:\/\/primarylibrary.esfparents.org\/index.php?rest_route=\/wp\/v2\/users\/2"}],"replies":[{"embeddable":true,"href":"https:\/\/primarylibrary.esfparents.org\/index.php?rest_route=%2Fwp%2Fv2%2Fcomments&post=251"}],"version-history":[{"count":18,"href":"https:\/\/primarylibrary.esfparents.org\/index.php?rest_route=\/wp\/v2\/posts\/251\/revisions"}],"predecessor-version":[{"id":362,"href":"https:\/\/primarylibrary.esfparents.org\/index.php?rest_route=\/wp\/v2\/posts\/251\/revisions\/362"}],"wp:attachment":[{"href":"https:\/\/primarylibrary.esfparents.org\/index.php?rest_route=%2Fwp%2Fv2%2Fmedia&parent=251"}],"wp:term":[{"taxonomy":"category","embeddable":true,"href":"https:\/\/primarylibrary.esfparents.org\/index.php?rest_route=%2Fwp%2Fv2%2Fcategories&post=251"},{"taxonomy":"post_tag","embeddable":true,"href":"https:\/\/primarylibrary.esfparents.org\/index.php?rest_route=%2Fwp%2Fv2%2Ftags&post=251"}],"curies":[{"name":"wp","href":"https:\/\/api.w.org\/{rel}","templated":true}]}}