{"id":312,"date":"2013-06-07T15:03:39","date_gmt":"2013-06-07T14:03:39","guid":{"rendered":"http:\/\/primarylibrary.esfparents.org\/?p=312"},"modified":"2013-06-14T19:13:56","modified_gmt":"2013-06-14T18:13:56","slug":"jutta-richter","status":"publish","type":"post","link":"https:\/\/primarylibrary.esfparents.org\/?p=312","title":{"rendered":"Die Schriftstellerin Jutta Richter"},"content":{"rendered":"<p>beeindruckte die Kinder der <strong>deutschen Klassen 3, 4a, 4b und 5<\/strong> sowohl durch ihre starke Pers\u00f6nlichkeit als auch durch ihren spannenden Textauszug und ihre musikalische Sprache. Sie erz\u00e4hlte, dass sie nicht nur Kinderb\u00fccher schreibt, sondern auch Lieder, Gedichte und Theaterst\u00fccke. Ihre 36 B\u00fccher sind in viele Sprachen \u00fcbersetzt. <\/p>\n<p>Auf die Frage eines Sch\u00fclers, ob es schwer ist, eine Schriftstellerin zu sein, antwortete Richter: Es sei wunderbar, sich an einem scheu\u00dflichen Wintertag in der Phantasie einen Sommertag ausmalen zu d\u00fcrfen. Und es sei fantastisch, selbstbestimmt zu leben und zu arbeiten. Schwer sei nur manchmal, dass es sehr lange dauere, bis ein Buch fertig sei. Richter erz\u00e4hlte, dass sie jeden Tag nur anderthalb Seiten schreibt &#8211; in acht bis zehn Stunden. Aber die M\u00fche, und das merkten auch die Kinder, lohnt sich: Jeder Wort sitzt.<\/p>\n<p>Nicht minder toll fanden sie, dass die Autorin mit ihrer sechsj\u00e4hrigen Enkelin auf einem Wasserschlo\u00df im M\u00fcnsterland lebt. Sie las aus: <strong>&#8220;Der Tag, an dem ich lernte, die Spinnen zu z\u00e4hmen&#8221;<\/strong> und <strong>&#8220;Der Hund mit dem gelben Herzen&#8221;. <\/strong><br \/>\n<a href=\"http:\/\/primarylibrary.esfparents.org\/wp-content\/uploads\/2013\/06\/Jutta-richter-gestikulierend.jpg\"><img loading=\"lazy\" src=\"http:\/\/primarylibrary.esfparents.org\/wp-content\/uploads\/2013\/06\/Jutta-richter-gestikulierend-300x225.jpg\" alt=\"Jutta richter gestikulierend\" width=\"300\" height=\"225\" class=\"alignnone size-medium wp-image-319\" srcset=\"https:\/\/primarylibrary.esfparents.org\/wp-content\/uploads\/2013\/06\/Jutta-richter-gestikulierend-300x225.jpg 300w, https:\/\/primarylibrary.esfparents.org\/wp-content\/uploads\/2013\/06\/Jutta-richter-gestikulierend.jpg 1000w\" sizes=\"(max-width: 300px) 100vw, 300px\" \/><\/a><br \/>\n<a href=\"http:\/\/primarylibrary.esfparents.org\/wp-content\/uploads\/2013\/06\/Kinder-Jutta-Richter.jpg\"><img loading=\"lazy\" src=\"http:\/\/primarylibrary.esfparents.org\/wp-content\/uploads\/2013\/06\/Kinder-Jutta-Richter-300x225.jpg\" alt=\"Kinder Jutta Richter\" width=\"300\" height=\"225\" class=\"alignnone size-medium wp-image-320\" srcset=\"https:\/\/primarylibrary.esfparents.org\/wp-content\/uploads\/2013\/06\/Kinder-Jutta-Richter-300x225.jpg 300w, https:\/\/primarylibrary.esfparents.org\/wp-content\/uploads\/2013\/06\/Kinder-Jutta-Richter.jpg 1000w\" sizes=\"(max-width: 300px) 100vw, 300px\" \/><\/a><\/p>\n","protected":false},"excerpt":{"rendered":"<p>beeindruckte die Kinder der deutschen Klassen 3, 4a, 4b und 5 sowohl durch ihre starke Pers\u00f6nlichkeit als auch durch ihren spannenden Textauszug und ihre musikalische Sprache. Sie erz\u00e4hlte, dass sie nicht nur Kinderb\u00fccher schreibt, sondern auch Lieder, Gedichte und Theaterst\u00fccke. &hellip; <a href=\"https:\/\/primarylibrary.esfparents.org\/?p=312\">Continue reading <span class=\"meta-nav\">&rarr;<\/span><\/a><\/p>\n","protected":false},"author":2,"featured_media":0,"comment_status":"open","ping_status":"closed","sticky":false,"template":"","format":"standard","meta":[],"categories":[1],"tags":[],"_links":{"self":[{"href":"https:\/\/primarylibrary.esfparents.org\/index.php?rest_route=\/wp\/v2\/posts\/312"}],"collection":[{"href":"https:\/\/primarylibrary.esfparents.org\/index.php?rest_route=\/wp\/v2\/posts"}],"about":[{"href":"https:\/\/primarylibrary.esfparents.org\/index.php?rest_route=\/wp\/v2\/types\/post"}],"author":[{"embeddable":true,"href":"https:\/\/primarylibrary.esfparents.org\/index.php?rest_route=\/wp\/v2\/users\/2"}],"replies":[{"embeddable":true,"href":"https:\/\/primarylibrary.esfparents.org\/index.php?rest_route=%2Fwp%2Fv2%2Fcomments&post=312"}],"version-history":[{"count":8,"href":"https:\/\/primarylibrary.esfparents.org\/index.php?rest_route=\/wp\/v2\/posts\/312\/revisions"}],"predecessor-version":[{"id":334,"href":"https:\/\/primarylibrary.esfparents.org\/index.php?rest_route=\/wp\/v2\/posts\/312\/revisions\/334"}],"wp:attachment":[{"href":"https:\/\/primarylibrary.esfparents.org\/index.php?rest_route=%2Fwp%2Fv2%2Fmedia&parent=312"}],"wp:term":[{"taxonomy":"category","embeddable":true,"href":"https:\/\/primarylibrary.esfparents.org\/index.php?rest_route=%2Fwp%2Fv2%2Fcategories&post=312"},{"taxonomy":"post_tag","embeddable":true,"href":"https:\/\/primarylibrary.esfparents.org\/index.php?rest_route=%2Fwp%2Fv2%2Ftags&post=312"}],"curies":[{"name":"wp","href":"https:\/\/api.w.org\/{rel}","templated":true}]}}