{"id":482,"date":"2014-02-09T14:51:03","date_gmt":"2014-02-09T13:51:03","guid":{"rendered":"http:\/\/primarylibrary.esfparents.org\/?p=482"},"modified":"2014-02-09T15:33:53","modified_gmt":"2014-02-09T14:33:53","slug":"klassiker-der-gluckliche-lowe","status":"publish","type":"post","link":"https:\/\/primarylibrary.esfparents.org\/?p=482","title":{"rendered":"Klassiker: Der gl\u00fcckliche L\u00f6we"},"content":{"rendered":"<p><a href=\"http:\/\/primarylibrary.esfparents.org\/wp-content\/uploads\/2014\/02\/gl\u00fccklicher-l\u00f6we.jpg\"><img loading=\"lazy\" src=\"http:\/\/primarylibrary.esfparents.org\/wp-content\/uploads\/2014\/02\/gl\u00fccklicher-l\u00f6we-237x300.jpg\" alt=\"gl\u00fccklicher l\u00f6we\" width=\"237\" height=\"300\" class=\"alignnone size-medium wp-image-495\" srcset=\"https:\/\/primarylibrary.esfparents.org\/wp-content\/uploads\/2014\/02\/gl\u00fccklicher-l\u00f6we-237x300.jpg 237w, https:\/\/primarylibrary.esfparents.org\/wp-content\/uploads\/2014\/02\/gl\u00fccklicher-l\u00f6we-809x1024.jpg 809w, https:\/\/primarylibrary.esfparents.org\/wp-content\/uploads\/2014\/02\/gl\u00fccklicher-l\u00f6we.jpg 1186w\" sizes=\"(max-width: 237px) 100vw, 237px\" \/><\/a><br \/>\nSchon als Kind habe ich ihn geliebt: Den gl\u00fccklichen, sandfarbenen L\u00f6wen, der auf einem Felsen im Park sitzt und jeden Morgen von den Leuten des  franz\u00f6sischen St\u00e4dtchens freundlich gegr\u00fc\u00dft wird. Bis er eines Tages seinerseits freundlich gr\u00fc\u00dfend durch den Ort spaziert. <\/p>\n<p>Lehrer Dupont f\u00e4llt sofort in Ohnmacht und Madame Pinson wirft ihm ihren Einkaufsbeutel mit Gem\u00fcse ins Gesicht. So was Dummes, denkt man als Kind mehr am\u00fcsiert als erschreckt. Schlie\u00dflich ist dieser <strong>L\u00f6we doch gl\u00fccklich<\/strong> und \u2013 lieb. Ein anderes Kind versteht ihn auch und rettet ihn, bevor die Panik der Leute \u00fcberhand nimmt: Franz, der Sohn des W\u00e4rters, begleitet seinen besten Freund einfach nachhause zur\u00fcck. Wie freundlich! Wie heiter! Wie franz\u00f6sisch! <\/p>\n<p>Kein Wunder, dass <strong>\u201eDer gl\u00fcckliche L\u00f6we\u201c<\/strong> von Louise Fation und Roger Duvoisin den ersten deutschen Jugendliteraturpreis 1954 bekommen hat. Jetzt <strong>erscheint der Klassiker neu<\/strong> im feinem, rotem Leinenbezug im Herder\/Kerle Verlag f\u00fcr 14,99 Euro. <\/p>\n","protected":false},"excerpt":{"rendered":"<p>Schon als Kind habe ich ihn geliebt: Den gl\u00fccklichen, sandfarbenen L\u00f6wen, der auf einem Felsen im Park sitzt und jeden Morgen von den Leuten des franz\u00f6sischen St\u00e4dtchens freundlich gegr\u00fc\u00dft wird. Bis er eines Tages seinerseits freundlich gr\u00fc\u00dfend durch den Ort &hellip; <a href=\"https:\/\/primarylibrary.esfparents.org\/?p=482\">Continue reading <span class=\"meta-nav\">&rarr;<\/span><\/a><\/p>\n","protected":false},"author":2,"featured_media":0,"comment_status":"open","ping_status":"closed","sticky":false,"template":"","format":"standard","meta":[],"categories":[1],"tags":[],"_links":{"self":[{"href":"https:\/\/primarylibrary.esfparents.org\/index.php?rest_route=\/wp\/v2\/posts\/482"}],"collection":[{"href":"https:\/\/primarylibrary.esfparents.org\/index.php?rest_route=\/wp\/v2\/posts"}],"about":[{"href":"https:\/\/primarylibrary.esfparents.org\/index.php?rest_route=\/wp\/v2\/types\/post"}],"author":[{"embeddable":true,"href":"https:\/\/primarylibrary.esfparents.org\/index.php?rest_route=\/wp\/v2\/users\/2"}],"replies":[{"embeddable":true,"href":"https:\/\/primarylibrary.esfparents.org\/index.php?rest_route=%2Fwp%2Fv2%2Fcomments&post=482"}],"version-history":[{"count":5,"href":"https:\/\/primarylibrary.esfparents.org\/index.php?rest_route=\/wp\/v2\/posts\/482\/revisions"}],"predecessor-version":[{"id":500,"href":"https:\/\/primarylibrary.esfparents.org\/index.php?rest_route=\/wp\/v2\/posts\/482\/revisions\/500"}],"wp:attachment":[{"href":"https:\/\/primarylibrary.esfparents.org\/index.php?rest_route=%2Fwp%2Fv2%2Fmedia&parent=482"}],"wp:term":[{"taxonomy":"category","embeddable":true,"href":"https:\/\/primarylibrary.esfparents.org\/index.php?rest_route=%2Fwp%2Fv2%2Fcategories&post=482"},{"taxonomy":"post_tag","embeddable":true,"href":"https:\/\/primarylibrary.esfparents.org\/index.php?rest_route=%2Fwp%2Fv2%2Ftags&post=482"}],"curies":[{"name":"wp","href":"https:\/\/api.w.org\/{rel}","templated":true}]}}