{"id":483,"date":"2013-10-24T14:50:06","date_gmt":"2013-10-24T13:50:06","guid":{"rendered":"http:\/\/primarylibrary.esfparents.org\/?p=483"},"modified":"2014-02-03T15:02:30","modified_gmt":"2014-02-03T14:02:30","slug":"schreibwerkstatt","status":"publish","type":"post","link":"https:\/\/primarylibrary.esfparents.org\/?p=483","title":{"rendered":"SCHREIBWERKSTATT &#8230;"},"content":{"rendered":"<p>mit dem Autor <strong>Thomas Wolf<\/strong> f\u00fcr <strong>Kinder der 5.Klassen in den Europ\u00e4ischen Stunden<\/strong>. Wolf sammelt mit den Kindern Synonyme f\u00fcr &#8220;sagen&#8221; an der Tafel, &#8211; in allen Sprachen. Das ist der Anfang des Geschichtenschreibens, in denen das Wort \u201esagen\u201c gar nicht mehr vorkommt. Sp\u00e4ter werden sie aufgenommen, mit Ger\u00e4uschen und Musik unterlegt und zu einer CD gemacht.<\/p>\n<p><a href=\"http:\/\/primarylibrary.esfparents.org\/wp-content\/uploads\/2014\/02\/thomas-Wolf-klein.jpg\"><img loading=\"lazy\" src=\"http:\/\/primarylibrary.esfparents.org\/wp-content\/uploads\/2014\/02\/thomas-Wolf-klein-300x169.jpg\" alt=\"thomas Wolf klein\" width=\"300\" height=\"169\" class=\"alignnone size-medium wp-image-484\" srcset=\"https:\/\/primarylibrary.esfparents.org\/wp-content\/uploads\/2014\/02\/thomas-Wolf-klein-300x169.jpg 300w, https:\/\/primarylibrary.esfparents.org\/wp-content\/uploads\/2014\/02\/thomas-Wolf-klein.jpg 1000w\" sizes=\"(max-width: 300px) 100vw, 300px\" \/><\/a><\/p>\n","protected":false},"excerpt":{"rendered":"<p>mit dem Autor Thomas Wolf f\u00fcr Kinder der 5.Klassen in den Europ\u00e4ischen Stunden. Wolf sammelt mit den Kindern Synonyme f\u00fcr &#8220;sagen&#8221; an der Tafel, &#8211; in allen Sprachen. Das ist der Anfang des Geschichtenschreibens, in denen das Wort \u201esagen\u201c gar &hellip; <a href=\"https:\/\/primarylibrary.esfparents.org\/?p=483\">Continue reading <span class=\"meta-nav\">&rarr;<\/span><\/a><\/p>\n","protected":false},"author":2,"featured_media":0,"comment_status":"open","ping_status":"closed","sticky":false,"template":"","format":"standard","meta":[],"categories":[1],"tags":[],"_links":{"self":[{"href":"https:\/\/primarylibrary.esfparents.org\/index.php?rest_route=\/wp\/v2\/posts\/483"}],"collection":[{"href":"https:\/\/primarylibrary.esfparents.org\/index.php?rest_route=\/wp\/v2\/posts"}],"about":[{"href":"https:\/\/primarylibrary.esfparents.org\/index.php?rest_route=\/wp\/v2\/types\/post"}],"author":[{"embeddable":true,"href":"https:\/\/primarylibrary.esfparents.org\/index.php?rest_route=\/wp\/v2\/users\/2"}],"replies":[{"embeddable":true,"href":"https:\/\/primarylibrary.esfparents.org\/index.php?rest_route=%2Fwp%2Fv2%2Fcomments&post=483"}],"version-history":[{"count":2,"href":"https:\/\/primarylibrary.esfparents.org\/index.php?rest_route=\/wp\/v2\/posts\/483\/revisions"}],"predecessor-version":[{"id":486,"href":"https:\/\/primarylibrary.esfparents.org\/index.php?rest_route=\/wp\/v2\/posts\/483\/revisions\/486"}],"wp:attachment":[{"href":"https:\/\/primarylibrary.esfparents.org\/index.php?rest_route=%2Fwp%2Fv2%2Fmedia&parent=483"}],"wp:term":[{"taxonomy":"category","embeddable":true,"href":"https:\/\/primarylibrary.esfparents.org\/index.php?rest_route=%2Fwp%2Fv2%2Fcategories&post=483"},{"taxonomy":"post_tag","embeddable":true,"href":"https:\/\/primarylibrary.esfparents.org\/index.php?rest_route=%2Fwp%2Fv2%2Ftags&post=483"}],"curies":[{"name":"wp","href":"https:\/\/api.w.org\/{rel}","templated":true}]}}