{"id":533,"date":"2014-03-29T18:26:24","date_gmt":"2014-03-29T17:26:24","guid":{"rendered":"http:\/\/primarylibrary.esfparents.org\/?p=533"},"modified":"2014-05-14T09:41:03","modified_gmt":"2014-05-14T08:41:03","slug":"jean-marie-defossez","status":"publish","type":"post","link":"https:\/\/primarylibrary.esfparents.org\/?p=533","title":{"rendered":"Grand Ami de la nature:  Jean-Marie Defossez"},"content":{"rendered":"<p><a href=\"http:\/\/primarylibrary.esfparents.org\/wp-content\/uploads\/2014\/03\/Defossez-mit-den-Kleinen.jpg\"><img loading=\"lazy\" src=\"http:\/\/primarylibrary.esfparents.org\/wp-content\/uploads\/2014\/03\/Defossez-mit-den-Kleinen-300x200.jpg\" alt=\"Defossez mit den Kleinen\" width=\"300\" height=\"200\" class=\"alignnone size-medium wp-image-534\" srcset=\"https:\/\/primarylibrary.esfparents.org\/wp-content\/uploads\/2014\/03\/Defossez-mit-den-Kleinen-300x200.jpg 300w, https:\/\/primarylibrary.esfparents.org\/wp-content\/uploads\/2014\/03\/Defossez-mit-den-Kleinen.jpg 600w\" sizes=\"(max-width: 300px) 100vw, 300px\" \/><\/a><br \/>\n<strong>Jean-Mariez Defossez <\/strong>est un <strong>grand ami de la nature <\/strong>et d\u00e9fenseur des droits des animaux il est venu \u00e0 la rencontre des enfants des classes P3, P4 et P5 de la section fran\u00e7aise.<\/p>\n<p>Les jeunes lecteurs avaient \u00e9tudi\u00e9 avec leurs professeurs des versions adapt\u00e9es \u00e0 leur niveau du m\u00eame ouvrage, <strong>&#8220;Pour tout l&#8217;or du monde&#8221;<\/strong>. L&#8217;histoire de David le h\u00e9ros du livre, petit gar\u00e7on pr\u00e9f\u00e9rant la nature \u00e0 l&#8217;\u00e9cole, et de sa rencontre avec un chien-loup ont visiblement captiv\u00e9 les enfants, qui connaissaient \u00e9galement d&#8217;autres oeuvres de l&#8217;auteur (s\u00e9ries Sauvenature et Op\u00e9ration Sauvetage notamment).<\/p>\n<p>A une lecture des passages de son livre, l&#8217;auteur a pr\u00e9f\u00e9r\u00e9 <strong>une discussion ouverte<\/strong> <strong>avec les <\/strong><strong>enfants<\/strong>, d\u00e9marche qui leur a beaucoup plu. Les questions \u00e9taient nombreuses et vari\u00e9es, portant tout d&#8217;abord sur le livre \u00e9tudi\u00e9. L&#8217;auteur a expliqu\u00e9 les \u00e9l\u00e9ments autobiographiques qui le composaient, et le processus cr\u00e9atif donnant naissance \u00e0 l&#8217;histoire. Il a aussi donn\u00e9 des indices pour d\u00e9coder certains passages du r\u00e9cit. Le dialogue s&#8217;est ensuite ouvert sur des th\u00e8mes vari\u00e9s.<br \/>\nTout en r\u00e9pondant aux enfants avec beaucoup de p\u00e9dagogie, et en leur posant \u00e0 son tour des questions, M. Defossez a fait passer des <strong>messages sur le respect de la nature<\/strong>, des animaux, le cycle de la vie et la tol\u00e9rance.<\/p>\n<p>Scientifique de formation, il a aussi racont\u00e9 aux enfants, tr\u00e8s attentifs, <strong>son parcours original<\/strong>, car ce Docteur en zoologie, sp\u00e9cialiste des escargots, a vendu sa propre production de l\u00e9gumes bio sur les march\u00e9s et suivi une formation de plombier !<\/p>\n<p>De l&#8217;avis m\u00eame de l&#8217;auteur, <strong>l&#8217;\u00e9change avec les enfants a <\/strong><strong>\u00e9t\u00e9 tr\u00e8s profond et touchant<\/strong>. Les enfants ne l&#8217;ont quitt\u00e9 qu&#8217;\u00e0 contrecoeur, apr\u00e8s une s\u00e9ance de d\u00e9dicaces, et avoir promis qu&#8217;eux aussi d\u00e9fendraient la cause des animaux.<\/p>\n","protected":false},"excerpt":{"rendered":"<p>Jean-Mariez Defossez est un grand ami de la nature et d\u00e9fenseur des droits des animaux il est venu \u00e0 la rencontre des enfants des classes P3, P4 et P5 de la section fran\u00e7aise. Les jeunes lecteurs avaient \u00e9tudi\u00e9 avec leurs &hellip; <a href=\"https:\/\/primarylibrary.esfparents.org\/?p=533\">Continue reading <span class=\"meta-nav\">&rarr;<\/span><\/a><\/p>\n","protected":false},"author":2,"featured_media":0,"comment_status":"open","ping_status":"closed","sticky":false,"template":"","format":"standard","meta":[],"categories":[1],"tags":[],"_links":{"self":[{"href":"https:\/\/primarylibrary.esfparents.org\/index.php?rest_route=\/wp\/v2\/posts\/533"}],"collection":[{"href":"https:\/\/primarylibrary.esfparents.org\/index.php?rest_route=\/wp\/v2\/posts"}],"about":[{"href":"https:\/\/primarylibrary.esfparents.org\/index.php?rest_route=\/wp\/v2\/types\/post"}],"author":[{"embeddable":true,"href":"https:\/\/primarylibrary.esfparents.org\/index.php?rest_route=\/wp\/v2\/users\/2"}],"replies":[{"embeddable":true,"href":"https:\/\/primarylibrary.esfparents.org\/index.php?rest_route=%2Fwp%2Fv2%2Fcomments&post=533"}],"version-history":[{"count":11,"href":"https:\/\/primarylibrary.esfparents.org\/index.php?rest_route=\/wp\/v2\/posts\/533\/revisions"}],"predecessor-version":[{"id":558,"href":"https:\/\/primarylibrary.esfparents.org\/index.php?rest_route=\/wp\/v2\/posts\/533\/revisions\/558"}],"wp:attachment":[{"href":"https:\/\/primarylibrary.esfparents.org\/index.php?rest_route=%2Fwp%2Fv2%2Fmedia&parent=533"}],"wp:term":[{"taxonomy":"category","embeddable":true,"href":"https:\/\/primarylibrary.esfparents.org\/index.php?rest_route=%2Fwp%2Fv2%2Fcategories&post=533"},{"taxonomy":"post_tag","embeddable":true,"href":"https:\/\/primarylibrary.esfparents.org\/index.php?rest_route=%2Fwp%2Fv2%2Ftags&post=533"}],"curies":[{"name":"wp","href":"https:\/\/api.w.org\/{rel}","templated":true}]}}