{"id":634,"date":"2015-01-28T11:51:19","date_gmt":"2015-01-28T10:51:19","guid":{"rendered":"http:\/\/primarylibrary.esfparents.org\/?p=634"},"modified":"2015-05-27T11:37:12","modified_gmt":"2015-05-27T10:37:12","slug":"oliver-scherz-und-herr-sowa","status":"publish","type":"post","link":"https:\/\/primarylibrary.esfparents.org\/?p=634","title":{"rendered":"Oliver Scherz, Ben und Herr Sowa"},"content":{"rendered":"<p><em><em><em>Einige Minuten lang haben es die <strong>Kinder der ersten Klassen Deutsch <\/strong>geglaubt: Dass der Autor <strong>Oliver Scherz <\/strong>eine echte Schildkr\u00f6te dabei hat. Aber auch die gro\u00dfe Stoff-Schildkr\u00f6te, die er dann aus einer Ecke der Bibliothek hervorzauberte, war ein voller Erfolg. Die Kinder waren fasziniert von den Geschichten, die das Vorschulkind <strong>Ben<\/strong> (so auch der Titel von Scherz Buch) mit Herrn Sowa, seiner Schildkr\u00f6te, erlebt. Oliver Scherz, der nicht &#8220;nur&#8221; Autor, sondern auch ausgebildeter Schauspieler ist, spielte, las und sang zur Gitarre. Ein vollkommenes Gl\u00fcck f\u00fcr Kinder, Lehrer und zuh\u00f6rende Eltern.<br \/>\n<a href=\"http:\/\/primarylibrary.esfparents.org\/wp-content\/uploads\/2015\/01\/Oliver-Scherz-mit-gitarre-und-sowa-gedreht.jpg\"><img loading=\"lazy\" src=\"http:\/\/primarylibrary.esfparents.org\/wp-content\/uploads\/2015\/01\/Oliver-Scherz-mit-gitarre-und-sowa-gedreht-199x300.jpg\" alt=\"Oliver Scherz mit gitarre und sowa gedreht\" width=\"199\" height=\"300\" class=\"alignnone size-medium wp-image-643\" srcset=\"https:\/\/primarylibrary.esfparents.org\/wp-content\/uploads\/2015\/01\/Oliver-Scherz-mit-gitarre-und-sowa-gedreht-199x300.jpg 199w, https:\/\/primarylibrary.esfparents.org\/wp-content\/uploads\/2015\/01\/Oliver-Scherz-mit-gitarre-und-sowa-gedreht.jpg 533w\" sizes=\"(max-width: 199px) 100vw, 199px\" \/><\/a><br \/>\n<a href=\"http:\/\/primarylibrary.esfparents.org\/wp-content\/uploads\/2015\/01\/scherz-schildkr\u00f6te.jpg\"><img loading=\"lazy\" src=\"http:\/\/primarylibrary.esfparents.org\/wp-content\/uploads\/2015\/01\/scherz-schildkr\u00f6te-300x200.jpg\" alt=\"scherz-schildkr\u00f6te\" width=\"300\" height=\"200\" class=\"alignnone size-medium wp-image-654\" srcset=\"https:\/\/primarylibrary.esfparents.org\/wp-content\/uploads\/2015\/01\/scherz-schildkr\u00f6te-300x200.jpg 300w, https:\/\/primarylibrary.esfparents.org\/wp-content\/uploads\/2015\/01\/scherz-schildkr\u00f6te.jpg 960w\" sizes=\"(max-width: 300px) 100vw, 300px\" \/><\/a><br \/>\n<a href=\"http:\/\/primarylibrary.esfparents.org\/wp-content\/uploads\/2015\/01\/erste-Klassen.jpg\"><img loading=\"lazy\" src=\"http:\/\/primarylibrary.esfparents.org\/wp-content\/uploads\/2015\/01\/erste-Klassen-300x199.jpg\" alt=\"erste Klassen\" width=\"300\" height=\"199\" class=\"alignnone size-medium wp-image-639\" srcset=\"https:\/\/primarylibrary.esfparents.org\/wp-content\/uploads\/2015\/01\/erste-Klassen-300x199.jpg 300w, https:\/\/primarylibrary.esfparents.org\/wp-content\/uploads\/2015\/01\/erste-Klassen.jpg 800w\" sizes=\"(max-width: 300px) 100vw, 300px\" \/><\/a><a href=\"http:\/\/primarylibrary.esfparents.org\/wp-content\/uploads\/2015\/01\/oliver-Scherz-mit-Buch-gedreht.jpg\"><img loading=\"lazy\" src=\"http:\/\/primarylibrary.esfparents.org\/wp-content\/uploads\/2015\/01\/oliver-Scherz-mit-Buch-gedreht-200x300.jpg\" alt=\"oliver Scherz mit Buch gedreht\" width=\"200\" height=\"300\" class=\"alignnone size-medium wp-image-644\" srcset=\"https:\/\/primarylibrary.esfparents.org\/wp-content\/uploads\/2015\/01\/oliver-Scherz-mit-Buch-gedreht-200x300.jpg 200w, https:\/\/primarylibrary.esfparents.org\/wp-content\/uploads\/2015\/01\/oliver-Scherz-mit-Buch-gedreht-682x1024.jpg 682w\" sizes=\"(max-width: 200px) 100vw, 200px\" \/><\/a> <a href=\"http:\/\/primarylibrary.esfparents.org\/wp-content\/uploads\/2015\/01\/scherz-ben1.jpg\"><img loading=\"lazy\" src=\"http:\/\/primarylibrary.esfparents.org\/wp-content\/uploads\/2015\/01\/scherz-ben1-300x131.jpg\" alt=\"scherz-ben1\" width=\"300\" height=\"131\" class=\"alignnone size-medium wp-image-657\" srcset=\"https:\/\/primarylibrary.esfparents.org\/wp-content\/uploads\/2015\/01\/scherz-ben1-300x131.jpg 300w, https:\/\/primarylibrary.esfparents.org\/wp-content\/uploads\/2015\/01\/scherz-ben1.jpg 780w\" sizes=\"(max-width: 300px) 100vw, 300px\" \/><\/a><\/em><em><\/em><em><\/em><\/p>\n","protected":false},"excerpt":{"rendered":"<p>Einige Minuten lang haben es die Kinder der ersten Klassen Deutsch geglaubt: Dass der Autor Oliver Scherz eine echte Schildkr\u00f6te dabei hat. Aber auch die gro\u00dfe Stoff-Schildkr\u00f6te, die er dann aus einer Ecke der Bibliothek hervorzauberte, war ein voller Erfolg. &hellip; <a href=\"https:\/\/primarylibrary.esfparents.org\/?p=634\">Continue reading <span class=\"meta-nav\">&rarr;<\/span><\/a><\/p>\n","protected":false},"author":2,"featured_media":0,"comment_status":"open","ping_status":"closed","sticky":false,"template":"","format":"standard","meta":[],"categories":[1],"tags":[],"_links":{"self":[{"href":"https:\/\/primarylibrary.esfparents.org\/index.php?rest_route=\/wp\/v2\/posts\/634"}],"collection":[{"href":"https:\/\/primarylibrary.esfparents.org\/index.php?rest_route=\/wp\/v2\/posts"}],"about":[{"href":"https:\/\/primarylibrary.esfparents.org\/index.php?rest_route=\/wp\/v2\/types\/post"}],"author":[{"embeddable":true,"href":"https:\/\/primarylibrary.esfparents.org\/index.php?rest_route=\/wp\/v2\/users\/2"}],"replies":[{"embeddable":true,"href":"https:\/\/primarylibrary.esfparents.org\/index.php?rest_route=%2Fwp%2Fv2%2Fcomments&post=634"}],"version-history":[{"count":15,"href":"https:\/\/primarylibrary.esfparents.org\/index.php?rest_route=\/wp\/v2\/posts\/634\/revisions"}],"predecessor-version":[{"id":732,"href":"https:\/\/primarylibrary.esfparents.org\/index.php?rest_route=\/wp\/v2\/posts\/634\/revisions\/732"}],"wp:attachment":[{"href":"https:\/\/primarylibrary.esfparents.org\/index.php?rest_route=%2Fwp%2Fv2%2Fmedia&parent=634"}],"wp:term":[{"taxonomy":"category","embeddable":true,"href":"https:\/\/primarylibrary.esfparents.org\/index.php?rest_route=%2Fwp%2Fv2%2Fcategories&post=634"},{"taxonomy":"post_tag","embeddable":true,"href":"https:\/\/primarylibrary.esfparents.org\/index.php?rest_route=%2Fwp%2Fv2%2Ftags&post=634"}],"curies":[{"name":"wp","href":"https:\/\/api.w.org\/{rel}","templated":true}]}}