{"id":704,"date":"2015-04-17T19:58:20","date_gmt":"2015-04-17T18:58:20","guid":{"rendered":"http:\/\/primarylibrary.esfparents.org\/?p=704"},"modified":"2015-05-19T11:42:50","modified_gmt":"2015-05-19T10:42:50","slug":"francesca-grasso-bucher-kreativ-workshop","status":"publish","type":"post","link":"https:\/\/primarylibrary.esfparents.org\/?p=704","title":{"rendered":"Francesca Grasso: B\u00fccher-Kreativ-Workshop"},"content":{"rendered":"<p><strong>Francesca Grasso<\/strong>, P\u00e4dagogin und Kinderbuchkennerin aus Mailand, fragte die Kinder der <strong>italienischen <\/strong><strong>Klassen<\/strong>, welches ihre Lieblingsb\u00fccher sind. Die Antworten waren vielf\u00e4ltig: Mal z\u00f6gernd, mal am Vorg\u00e4nger orientiert, oft ganz eigen. Schon in der ersten Klasse. Francesca Grasso lie\u00df die Kinder Beziehungen zwischen den B\u00fcchern herstellen, verglich etwa auch unterschiedlich illustrierte Ausgaben des &#8220;Pinocchio&#8221; miteinander und las vor. Ein kreativer und lehrreicher Vormittag!<br \/>\n<a href=\"http:\/\/primarylibrary.esfparents.org\/wp-content\/uploads\/2015\/04\/Grasso-liest.jpg\"><img loading=\"lazy\" src=\"http:\/\/primarylibrary.esfparents.org\/wp-content\/uploads\/2015\/04\/Grasso-liest-200x300.jpg\" alt=\"Grasso liest\" width=\"200\" height=\"300\" class=\"alignnone size-medium wp-image-708\" srcset=\"https:\/\/primarylibrary.esfparents.org\/wp-content\/uploads\/2015\/04\/Grasso-liest-200x300.jpg 200w, https:\/\/primarylibrary.esfparents.org\/wp-content\/uploads\/2015\/04\/Grasso-liest-683x1024.jpg 683w, https:\/\/primarylibrary.esfparents.org\/wp-content\/uploads\/2015\/04\/Grasso-liest.jpg 1000w\" sizes=\"(max-width: 200px) 100vw, 200px\" \/><\/a><a href=\"http:\/\/primarylibrary.esfparents.org\/wp-content\/uploads\/2015\/04\/Grasso-mit-zwei-B\u00fcchern.jpg\"><img loading=\"lazy\" src=\"http:\/\/primarylibrary.esfparents.org\/wp-content\/uploads\/2015\/04\/Grasso-mit-zwei-B\u00fcchern-200x300.jpg\" alt=\"Grasso mit zwei B\u00fcchern\" width=\"200\" height=\"300\" class=\"alignnone size-medium wp-image-709\" srcset=\"https:\/\/primarylibrary.esfparents.org\/wp-content\/uploads\/2015\/04\/Grasso-mit-zwei-B\u00fcchern-200x300.jpg 200w, https:\/\/primarylibrary.esfparents.org\/wp-content\/uploads\/2015\/04\/Grasso-mit-zwei-B\u00fcchern-683x1024.jpg 683w, https:\/\/primarylibrary.esfparents.org\/wp-content\/uploads\/2015\/04\/Grasso-mit-zwei-B\u00fcchern.jpg 1000w\" sizes=\"(max-width: 200px) 100vw, 200px\" \/><\/a><a href=\"http:\/\/primarylibrary.esfparents.org\/wp-content\/uploads\/2015\/04\/Grasso-Kinder.jpg\"><img loading=\"lazy\" src=\"http:\/\/primarylibrary.esfparents.org\/wp-content\/uploads\/2015\/04\/Grasso-Kinder-300x200.jpg\" alt=\"Grasso Kinder\" width=\"300\" height=\"200\" class=\"alignnone size-medium wp-image-710\" srcset=\"https:\/\/primarylibrary.esfparents.org\/wp-content\/uploads\/2015\/04\/Grasso-Kinder-300x200.jpg 300w, https:\/\/primarylibrary.esfparents.org\/wp-content\/uploads\/2015\/04\/Grasso-Kinder.jpg 1000w\" sizes=\"(max-width: 300px) 100vw, 300px\" \/><\/a><\/p>\n","protected":false},"excerpt":{"rendered":"<p>Francesca Grasso, P\u00e4dagogin und Kinderbuchkennerin aus Mailand, fragte die Kinder der italienischen Klassen, welches ihre Lieblingsb\u00fccher sind. Die Antworten waren vielf\u00e4ltig: Mal z\u00f6gernd, mal am Vorg\u00e4nger orientiert, oft ganz eigen. Schon in der ersten Klasse. Francesca Grasso lie\u00df die Kinder &hellip; <a href=\"https:\/\/primarylibrary.esfparents.org\/?p=704\">Continue reading <span class=\"meta-nav\">&rarr;<\/span><\/a><\/p>\n","protected":false},"author":2,"featured_media":0,"comment_status":"open","ping_status":"closed","sticky":false,"template":"","format":"standard","meta":[],"categories":[1],"tags":[],"_links":{"self":[{"href":"https:\/\/primarylibrary.esfparents.org\/index.php?rest_route=\/wp\/v2\/posts\/704"}],"collection":[{"href":"https:\/\/primarylibrary.esfparents.org\/index.php?rest_route=\/wp\/v2\/posts"}],"about":[{"href":"https:\/\/primarylibrary.esfparents.org\/index.php?rest_route=\/wp\/v2\/types\/post"}],"author":[{"embeddable":true,"href":"https:\/\/primarylibrary.esfparents.org\/index.php?rest_route=\/wp\/v2\/users\/2"}],"replies":[{"embeddable":true,"href":"https:\/\/primarylibrary.esfparents.org\/index.php?rest_route=%2Fwp%2Fv2%2Fcomments&post=704"}],"version-history":[{"count":4,"href":"https:\/\/primarylibrary.esfparents.org\/index.php?rest_route=\/wp\/v2\/posts\/704\/revisions"}],"predecessor-version":[{"id":713,"href":"https:\/\/primarylibrary.esfparents.org\/index.php?rest_route=\/wp\/v2\/posts\/704\/revisions\/713"}],"wp:attachment":[{"href":"https:\/\/primarylibrary.esfparents.org\/index.php?rest_route=%2Fwp%2Fv2%2Fmedia&parent=704"}],"wp:term":[{"taxonomy":"category","embeddable":true,"href":"https:\/\/primarylibrary.esfparents.org\/index.php?rest_route=%2Fwp%2Fv2%2Fcategories&post=704"},{"taxonomy":"post_tag","embeddable":true,"href":"https:\/\/primarylibrary.esfparents.org\/index.php?rest_route=%2Fwp%2Fv2%2Ftags&post=704"}],"curies":[{"name":"wp","href":"https:\/\/api.w.org\/{rel}","templated":true}]}}