{"id":807,"date":"2016-01-28T10:49:43","date_gmt":"2016-01-28T09:49:43","guid":{"rendered":"http:\/\/primarylibrary.esfparents.org\/?p=807"},"modified":"2016-02-18T09:22:00","modified_gmt":"2016-02-18T08:22:00","slug":"lugen-ameisen-eigentlich","status":"publish","type":"post","link":"https:\/\/primarylibrary.esfparents.org\/?p=807","title":{"rendered":"Philosophie-Workshop: L\u00fcgen Ameisen eigentlich?"},"content":{"rendered":"<p><a href=\"http:\/\/primarylibrary.esfparents.org\/wp-content\/uploads\/2016\/01\/Calvert-klein.jpg\"><img loading=\"lazy\" src=\"http:\/\/primarylibrary.esfparents.org\/wp-content\/uploads\/2016\/01\/Calvert-klein-300x200.jpg\" alt=\"Calvert klein\" width=\"300\" height=\"200\" class=\"alignnone size-medium wp-image-813\" srcset=\"https:\/\/primarylibrary.esfparents.org\/wp-content\/uploads\/2016\/01\/Calvert-klein-300x200.jpg 300w, https:\/\/primarylibrary.esfparents.org\/wp-content\/uploads\/2016\/01\/Calvert-klein.jpg 1000w\" sizes=\"(max-width: 300px) 100vw, 300px\" \/><\/a><br \/>\n<strong>Kristina Calvert <\/strong>ist Kinderphilosophin. Erzieherinnen und Lehrerinnnen staunten dar\u00fcber, wie es ihr gelang, mit den 4 &#8211; 5j\u00e4hrigen Kindergartenkindern und den 6-j\u00e4hrigen Erstkl\u00e4sslern der deutschen Sektion laut zu denken. Dar\u00fcber, was &#8220;weise&#8221; ist. Oder ob ich Du sein kann? Ob Ameisen l\u00fcgen k\u00f6nnen? Ob es Kaugummipapier weh tut, wenn man drauf tritt? Was Mitleid ist. Die Kinder waren ebenso fasziniert wie am\u00fcsiert. Beide Geschlechter. Denn &#8220;Sophia&#8221; hei\u00dft Weisheit und &#8220;Phil&#8221; Freund. Philosophie ist also etwas f\u00fcr M\u00e4dchen und Jungen. \ud83d\ude42<br \/>\n<a href=\"http:\/\/primarylibrary.esfparents.org\/wp-content\/uploads\/2016\/01\/calvert-belens-tochter.jpg\"><img loading=\"lazy\" src=\"http:\/\/primarylibrary.esfparents.org\/wp-content\/uploads\/2016\/01\/calvert-belens-tochter-300x200.jpg\" alt=\"calvert-belens tochter\" width=\"300\" height=\"200\" class=\"alignnone size-medium wp-image-814\" srcset=\"https:\/\/primarylibrary.esfparents.org\/wp-content\/uploads\/2016\/01\/calvert-belens-tochter-300x200.jpg 300w, https:\/\/primarylibrary.esfparents.org\/wp-content\/uploads\/2016\/01\/calvert-belens-tochter.jpg 1000w\" sizes=\"(max-width: 300px) 100vw, 300px\" \/><\/a><\/p>\n","protected":false},"excerpt":{"rendered":"<p>Kristina Calvert ist Kinderphilosophin. Erzieherinnen und Lehrerinnnen staunten dar\u00fcber, wie es ihr gelang, mit den 4 &#8211; 5j\u00e4hrigen Kindergartenkindern und den 6-j\u00e4hrigen Erstkl\u00e4sslern der deutschen Sektion laut zu denken. Dar\u00fcber, was &#8220;weise&#8221; ist. Oder ob ich Du sein kann? Ob &hellip; <a href=\"https:\/\/primarylibrary.esfparents.org\/?p=807\">Continue reading <span class=\"meta-nav\">&rarr;<\/span><\/a><\/p>\n","protected":false},"author":2,"featured_media":0,"comment_status":"open","ping_status":"closed","sticky":false,"template":"","format":"standard","meta":[],"categories":[1],"tags":[],"_links":{"self":[{"href":"https:\/\/primarylibrary.esfparents.org\/index.php?rest_route=\/wp\/v2\/posts\/807"}],"collection":[{"href":"https:\/\/primarylibrary.esfparents.org\/index.php?rest_route=\/wp\/v2\/posts"}],"about":[{"href":"https:\/\/primarylibrary.esfparents.org\/index.php?rest_route=\/wp\/v2\/types\/post"}],"author":[{"embeddable":true,"href":"https:\/\/primarylibrary.esfparents.org\/index.php?rest_route=\/wp\/v2\/users\/2"}],"replies":[{"embeddable":true,"href":"https:\/\/primarylibrary.esfparents.org\/index.php?rest_route=%2Fwp%2Fv2%2Fcomments&post=807"}],"version-history":[{"count":5,"href":"https:\/\/primarylibrary.esfparents.org\/index.php?rest_route=\/wp\/v2\/posts\/807\/revisions"}],"predecessor-version":[{"id":815,"href":"https:\/\/primarylibrary.esfparents.org\/index.php?rest_route=\/wp\/v2\/posts\/807\/revisions\/815"}],"wp:attachment":[{"href":"https:\/\/primarylibrary.esfparents.org\/index.php?rest_route=%2Fwp%2Fv2%2Fmedia&parent=807"}],"wp:term":[{"taxonomy":"category","embeddable":true,"href":"https:\/\/primarylibrary.esfparents.org\/index.php?rest_route=%2Fwp%2Fv2%2Fcategories&post=807"},{"taxonomy":"post_tag","embeddable":true,"href":"https:\/\/primarylibrary.esfparents.org\/index.php?rest_route=%2Fwp%2Fv2%2Ftags&post=807"}],"curies":[{"name":"wp","href":"https:\/\/api.w.org\/{rel}","templated":true}]}}