{"id":826,"date":"2016-06-01T11:04:55","date_gmt":"2016-06-01T10:04:55","guid":{"rendered":"http:\/\/primarylibrary.esfparents.org\/?p=826"},"modified":"2016-06-02T11:27:32","modified_gmt":"2016-06-02T10:27:32","slug":"don-quichote-per-los-pequenos","status":"publish","type":"post","link":"https:\/\/primarylibrary.esfparents.org\/?p=826","title":{"rendered":"Don Quichote per los pequenos"},"content":{"rendered":"<p><em>&#8220;Don Quijote leia tantos, tantos libros de caballeros, que caballero se crey\u00f3!&#8221;<\/em><br \/>\nZum 400. Todestag von Miguel Cervantes spielten die <strong>spanischen Kindergarten- und 1.Klasse-Kinder<\/strong> Windm\u00fchlenfl\u00fcgel und andere typische Szenen aus dem spanischen Klassiker nach  &#8230; ein sch\u00f6ner sinnlicher Zugang von Rosa Martin nach dem Programm &#8220;Cuenta cuentos&#8221;.<br \/>\n><a href=\"http:\/\/primarylibrary.esfparents.org\/wp-content\/uploads\/2016\/06\/Cervantes-A.jpg\"><img loading=\"lazy\" src=\"http:\/\/primarylibrary.esfparents.org\/wp-content\/uploads\/2016\/06\/Cervantes-A-300x201.jpg\" alt=\"Cervantes A\" width=\"300\" height=\"201\" class=\"alignnone size-medium wp-image-834\" srcset=\"https:\/\/primarylibrary.esfparents.org\/wp-content\/uploads\/2016\/06\/Cervantes-A-300x201.jpg 300w, https:\/\/primarylibrary.esfparents.org\/wp-content\/uploads\/2016\/06\/Cervantes-A.jpg 400w\" sizes=\"(max-width: 300px) 100vw, 300px\" \/><\/a><br \/>\n<a href=\"http:\/\/primarylibrary.esfparents.org\/wp-content\/uploads\/2016\/06\/Cervantes-B.jpg\"><img loading=\"lazy\" src=\"http:\/\/primarylibrary.esfparents.org\/wp-content\/uploads\/2016\/06\/Cervantes-B-300x200.jpg\" alt=\"Cervantes B\" width=\"300\" height=\"200\" class=\"alignnone size-medium wp-image-836\" srcset=\"https:\/\/primarylibrary.esfparents.org\/wp-content\/uploads\/2016\/06\/Cervantes-B-300x200.jpg 300w, https:\/\/primarylibrary.esfparents.org\/wp-content\/uploads\/2016\/06\/Cervantes-B.jpg 400w\" sizes=\"(max-width: 300px) 100vw, 300px\" \/><\/a><br \/>\n<a href=\"http:\/\/primarylibrary.esfparents.org\/wp-content\/uploads\/2016\/06\/Cervantes-3.jpg\"><img loading=\"lazy\" src=\"http:\/\/primarylibrary.esfparents.org\/wp-content\/uploads\/2016\/06\/Cervantes-3-300x200.jpg\" alt=\"Cervantes 3\" width=\"300\" height=\"200\" class=\"alignnone size-medium wp-image-837\" srcset=\"https:\/\/primarylibrary.esfparents.org\/wp-content\/uploads\/2016\/06\/Cervantes-3-300x200.jpg 300w, https:\/\/primarylibrary.esfparents.org\/wp-content\/uploads\/2016\/06\/Cervantes-3.jpg 400w\" sizes=\"(max-width: 300px) 100vw, 300px\" \/><\/a><\/p>\n","protected":false},"excerpt":{"rendered":"<p>&#8220;Don Quijote leia tantos, tantos libros de caballeros, que caballero se crey\u00f3!&#8221; Zum 400. Todestag von Miguel Cervantes spielten die spanischen Kindergarten- und 1.Klasse-Kinder Windm\u00fchlenfl\u00fcgel und andere typische Szenen aus dem spanischen Klassiker nach &#8230; ein sch\u00f6ner sinnlicher Zugang von &hellip; <a href=\"https:\/\/primarylibrary.esfparents.org\/?p=826\">Continue reading <span class=\"meta-nav\">&rarr;<\/span><\/a><\/p>\n","protected":false},"author":2,"featured_media":0,"comment_status":"open","ping_status":"closed","sticky":false,"template":"","format":"standard","meta":[],"categories":[1],"tags":[],"_links":{"self":[{"href":"https:\/\/primarylibrary.esfparents.org\/index.php?rest_route=\/wp\/v2\/posts\/826"}],"collection":[{"href":"https:\/\/primarylibrary.esfparents.org\/index.php?rest_route=\/wp\/v2\/posts"}],"about":[{"href":"https:\/\/primarylibrary.esfparents.org\/index.php?rest_route=\/wp\/v2\/types\/post"}],"author":[{"embeddable":true,"href":"https:\/\/primarylibrary.esfparents.org\/index.php?rest_route=\/wp\/v2\/users\/2"}],"replies":[{"embeddable":true,"href":"https:\/\/primarylibrary.esfparents.org\/index.php?rest_route=%2Fwp%2Fv2%2Fcomments&post=826"}],"version-history":[{"count":13,"href":"https:\/\/primarylibrary.esfparents.org\/index.php?rest_route=\/wp\/v2\/posts\/826\/revisions"}],"predecessor-version":[{"id":879,"href":"https:\/\/primarylibrary.esfparents.org\/index.php?rest_route=\/wp\/v2\/posts\/826\/revisions\/879"}],"wp:attachment":[{"href":"https:\/\/primarylibrary.esfparents.org\/index.php?rest_route=%2Fwp%2Fv2%2Fmedia&parent=826"}],"wp:term":[{"taxonomy":"category","embeddable":true,"href":"https:\/\/primarylibrary.esfparents.org\/index.php?rest_route=%2Fwp%2Fv2%2Fcategories&post=826"},{"taxonomy":"post_tag","embeddable":true,"href":"https:\/\/primarylibrary.esfparents.org\/index.php?rest_route=%2Fwp%2Fv2%2Ftags&post=826"}],"curies":[{"name":"wp","href":"https:\/\/api.w.org\/{rel}","templated":true}]}}