{"id":869,"date":"2016-06-02T11:01:48","date_gmt":"2016-06-02T10:01:48","guid":{"rendered":"http:\/\/primarylibrary.esfparents.org\/?p=869"},"modified":"2016-06-02T11:05:52","modified_gmt":"2016-06-02T10:05:52","slug":"flamischer-autor-marc-de-bel","status":"publish","type":"post","link":"https:\/\/primarylibrary.esfparents.org\/?p=869","title":{"rendered":"Fl\u00e4mischer Autor: Marc de Bel"},"content":{"rendered":"<p>Der bekannte fl\u00e4mische Autor <strong>Marc de Bel <\/strong>gestaltete eine Lesung f\u00fcr die niederl\u00e4ndischen Kinder!<br \/>\n<a href=\"http:\/\/primarylibrary.esfparents.org\/wp-content\/uploads\/2016\/06\/MARC-DE-BEL.jpg\"><img loading=\"lazy\" src=\"http:\/\/primarylibrary.esfparents.org\/wp-content\/uploads\/2016\/06\/MARC-DE-BEL-300x200.jpg\" alt=\"MARC DE BEL\" width=\"300\" height=\"200\" class=\"alignnone size-medium wp-image-870\" srcset=\"https:\/\/primarylibrary.esfparents.org\/wp-content\/uploads\/2016\/06\/MARC-DE-BEL-300x200.jpg 300w, https:\/\/primarylibrary.esfparents.org\/wp-content\/uploads\/2016\/06\/MARC-DE-BEL.jpg 500w\" sizes=\"(max-width: 300px) 100vw, 300px\" \/><\/a><\/p>\n","protected":false},"excerpt":{"rendered":"<p>Der bekannte fl\u00e4mische Autor Marc de Bel gestaltete eine Lesung f\u00fcr die niederl\u00e4ndischen Kinder!<\/p>\n","protected":false},"author":2,"featured_media":0,"comment_status":"open","ping_status":"closed","sticky":false,"template":"","format":"standard","meta":[],"categories":[1],"tags":[],"_links":{"self":[{"href":"https:\/\/primarylibrary.esfparents.org\/index.php?rest_route=\/wp\/v2\/posts\/869"}],"collection":[{"href":"https:\/\/primarylibrary.esfparents.org\/index.php?rest_route=\/wp\/v2\/posts"}],"about":[{"href":"https:\/\/primarylibrary.esfparents.org\/index.php?rest_route=\/wp\/v2\/types\/post"}],"author":[{"embeddable":true,"href":"https:\/\/primarylibrary.esfparents.org\/index.php?rest_route=\/wp\/v2\/users\/2"}],"replies":[{"embeddable":true,"href":"https:\/\/primarylibrary.esfparents.org\/index.php?rest_route=%2Fwp%2Fv2%2Fcomments&post=869"}],"version-history":[{"count":3,"href":"https:\/\/primarylibrary.esfparents.org\/index.php?rest_route=\/wp\/v2\/posts\/869\/revisions"}],"predecessor-version":[{"id":874,"href":"https:\/\/primarylibrary.esfparents.org\/index.php?rest_route=\/wp\/v2\/posts\/869\/revisions\/874"}],"wp:attachment":[{"href":"https:\/\/primarylibrary.esfparents.org\/index.php?rest_route=%2Fwp%2Fv2%2Fmedia&parent=869"}],"wp:term":[{"taxonomy":"category","embeddable":true,"href":"https:\/\/primarylibrary.esfparents.org\/index.php?rest_route=%2Fwp%2Fv2%2Fcategories&post=869"},{"taxonomy":"post_tag","embeddable":true,"href":"https:\/\/primarylibrary.esfparents.org\/index.php?rest_route=%2Fwp%2Fv2%2Ftags&post=869"}],"curies":[{"name":"wp","href":"https:\/\/api.w.org\/{rel}","templated":true}]}}