{"id":882,"date":"2016-06-23T12:08:17","date_gmt":"2016-06-23T11:08:17","guid":{"rendered":"http:\/\/primarylibrary.esfparents.org\/?p=882"},"modified":"2016-12-05T12:24:04","modified_gmt":"2016-12-05T11:24:04","slug":"krokodil-im-pyjama","status":"publish","type":"post","link":"https:\/\/primarylibrary.esfparents.org\/?p=882","title":{"rendered":"Crocodile en pyjama"},"content":{"rendered":"<p>L&#8217;auteur-illstrateur francais <strong>Edouard Manceau <\/strong> expliquait aux enfants francophones la production d&#8217;un livre, faisait des dessins, r\u00e9citait, rigolait et menait des discussions avec eux. Les enfants du CM2 ont m\u00eame cr\u00e9e\/r\u00e9dig\u00e9 une petite histoire: Que se passe-t-il si un petit crocodile arrive le matin en pyjama \u00e1 l&#8217;\u00e9cole? Les \u00e9l\u00e8ves avaient bien pr\u00e9par\u00e9 cette lecture cr\u00e9ative avec un th\u00e9\u00e2tre, leurs propres po\u00e9sies et des cartons-curieux. Une matin\u00e9e formidable! <\/p>\n<p><a href=\"http:\/\/primarylibrary.esfparents.org\/wp-content\/uploads\/2016\/06\/Manceau-mit-Dachstube.jpg\"><img loading=\"lazy\" src=\"http:\/\/primarylibrary.esfparents.org\/wp-content\/uploads\/2016\/06\/Manceau-mit-Dachstube-200x300.jpg\" alt=\"Manceau mit  Dachstube\" width=\"200\" height=\"300\" class=\"alignnone size-medium wp-image-887\" srcset=\"https:\/\/primarylibrary.esfparents.org\/wp-content\/uploads\/2016\/06\/Manceau-mit-Dachstube-200x300.jpg 200w, https:\/\/primarylibrary.esfparents.org\/wp-content\/uploads\/2016\/06\/Manceau-mit-Dachstube.jpg 300w\" sizes=\"(max-width: 200px) 100vw, 200px\" \/><\/a><a href=\"http:\/\/primarylibrary.esfparents.org\/wp-content\/uploads\/2016\/06\/Manceau-mit-Dachstube.jpg\"><img loading=\"lazy\" src=\"http:\/\/primarylibrary.esfparents.org\/wp-content\/uploads\/2016\/06\/Manceau-mit-Dachstube-200x300.jpg\" alt=\"Manceau mit  Dachstube\" width=\"200\" height=\"300\" class=\"alignnone size-medium wp-image-887\" srcset=\"https:\/\/primarylibrary.esfparents.org\/wp-content\/uploads\/2016\/06\/Manceau-mit-Dachstube-200x300.jpg 200w, https:\/\/primarylibrary.esfparents.org\/wp-content\/uploads\/2016\/06\/Manceau-mit-Dachstube.jpg 300w\" sizes=\"(max-width: 200px) 100vw, 200px\" \/><\/a><a href=\"http:\/\/primarylibrary.esfparents.org\/wp-content\/uploads\/2016\/06\/Manceau-JOJO.jpg\"><img loading=\"lazy\" src=\"http:\/\/primarylibrary.esfparents.org\/wp-content\/uploads\/2016\/06\/Manceau-JOJO-300x200.jpg\" alt=\"Manceau JOJO\" width=\"300\" height=\"200\" class=\"alignnone size-medium wp-image-883\" srcset=\"https:\/\/primarylibrary.esfparents.org\/wp-content\/uploads\/2016\/06\/Manceau-JOJO-300x200.jpg 300w, https:\/\/primarylibrary.esfparents.org\/wp-content\/uploads\/2016\/06\/Manceau-JOJO.jpg 500w\" sizes=\"(max-width: 300px) 100vw, 300px\" \/><\/a><a href=\"http:\/\/primarylibrary.esfparents.org\/wp-content\/uploads\/2016\/06\/Manceau-Maffre.jpg\"><img loading=\"lazy\" src=\"http:\/\/primarylibrary.esfparents.org\/wp-content\/uploads\/2016\/06\/Manceau-Maffre-300x200.jpg\" alt=\"Manceau-Maffre\" width=\"300\" height=\"200\" class=\"alignnone size-medium wp-image-888\" srcset=\"https:\/\/primarylibrary.esfparents.org\/wp-content\/uploads\/2016\/06\/Manceau-Maffre-300x200.jpg 300w, https:\/\/primarylibrary.esfparents.org\/wp-content\/uploads\/2016\/06\/Manceau-Maffre.jpg 500w\" sizes=\"(max-width: 300px) 100vw, 300px\" \/><\/a><a href=\"http:\/\/primarylibrary.esfparents.org\/wp-content\/uploads\/2016\/06\/Manceau-mit-Fragen-1.jpg\"><img loading=\"lazy\" src=\"http:\/\/primarylibrary.esfparents.org\/wp-content\/uploads\/2016\/06\/Manceau-mit-Fragen-1-200x300.jpg\" alt=\"Manceau mit Fragen 1\" width=\"200\" height=\"300\" class=\"alignnone size-medium wp-image-886\" srcset=\"https:\/\/primarylibrary.esfparents.org\/wp-content\/uploads\/2016\/06\/Manceau-mit-Fragen-1-200x300.jpg 200w, https:\/\/primarylibrary.esfparents.org\/wp-content\/uploads\/2016\/06\/Manceau-mit-Fragen-1.jpg 333w\" sizes=\"(max-width: 200px) 100vw, 200px\" \/><\/a><a href=\"http:\/\/primarylibrary.esfparents.org\/wp-content\/uploads\/2016\/06\/Manceau-mit-der-zweiten-Klasse.jpg\"><img loading=\"lazy\" src=\"http:\/\/primarylibrary.esfparents.org\/wp-content\/uploads\/2016\/06\/Manceau-mit-der-zweiten-Klasse-200x300.jpg\" alt=\"Manceau mit der zweiten Klasse\" width=\"200\" height=\"300\" class=\"alignnone size-medium wp-image-884\" srcset=\"https:\/\/primarylibrary.esfparents.org\/wp-content\/uploads\/2016\/06\/Manceau-mit-der-zweiten-Klasse-200x300.jpg 200w, https:\/\/primarylibrary.esfparents.org\/wp-content\/uploads\/2016\/06\/Manceau-mit-der-zweiten-Klasse.jpg 333w\" sizes=\"(max-width: 200px) 100vw, 200px\" \/><\/a><br \/>\naitfrancophones <\/p>\n","protected":false},"excerpt":{"rendered":"<p>L&#8217;auteur-illstrateur francais Edouard Manceau expliquait aux enfants francophones la production d&#8217;un livre, faisait des dessins, r\u00e9citait, rigolait et menait des discussions avec eux. Les enfants du CM2 ont m\u00eame cr\u00e9e\/r\u00e9dig\u00e9 une petite histoire: Que se passe-t-il si un petit crocodile &hellip; <a href=\"https:\/\/primarylibrary.esfparents.org\/?p=882\">Continue reading <span class=\"meta-nav\">&rarr;<\/span><\/a><\/p>\n","protected":false},"author":2,"featured_media":0,"comment_status":"open","ping_status":"closed","sticky":false,"template":"","format":"standard","meta":[],"categories":[1],"tags":[],"_links":{"self":[{"href":"https:\/\/primarylibrary.esfparents.org\/index.php?rest_route=\/wp\/v2\/posts\/882"}],"collection":[{"href":"https:\/\/primarylibrary.esfparents.org\/index.php?rest_route=\/wp\/v2\/posts"}],"about":[{"href":"https:\/\/primarylibrary.esfparents.org\/index.php?rest_route=\/wp\/v2\/types\/post"}],"author":[{"embeddable":true,"href":"https:\/\/primarylibrary.esfparents.org\/index.php?rest_route=\/wp\/v2\/users\/2"}],"replies":[{"embeddable":true,"href":"https:\/\/primarylibrary.esfparents.org\/index.php?rest_route=%2Fwp%2Fv2%2Fcomments&post=882"}],"version-history":[{"count":7,"href":"https:\/\/primarylibrary.esfparents.org\/index.php?rest_route=\/wp\/v2\/posts\/882\/revisions"}],"predecessor-version":[{"id":1016,"href":"https:\/\/primarylibrary.esfparents.org\/index.php?rest_route=\/wp\/v2\/posts\/882\/revisions\/1016"}],"wp:attachment":[{"href":"https:\/\/primarylibrary.esfparents.org\/index.php?rest_route=%2Fwp%2Fv2%2Fmedia&parent=882"}],"wp:term":[{"taxonomy":"category","embeddable":true,"href":"https:\/\/primarylibrary.esfparents.org\/index.php?rest_route=%2Fwp%2Fv2%2Fcategories&post=882"},{"taxonomy":"post_tag","embeddable":true,"href":"https:\/\/primarylibrary.esfparents.org\/index.php?rest_route=%2Fwp%2Fv2%2Ftags&post=882"}],"curies":[{"name":"wp","href":"https:\/\/api.w.org\/{rel}","templated":true}]}}