{"id":938,"date":"2016-11-17T09:43:14","date_gmt":"2016-11-17T08:43:14","guid":{"rendered":"http:\/\/primarylibrary.esfparents.org\/?p=938"},"modified":"2016-11-17T11:01:23","modified_gmt":"2016-11-17T10:01:23","slug":"christian-heinrich-et-les-petites-poules","status":"publish","type":"post","link":"https:\/\/primarylibrary.esfparents.org\/?p=938","title":{"rendered":"Christian Heinrich et les petites poules"},"content":{"rendered":"<p><strong>Christian Heinrich <\/strong>de Strasbourg a rencontr\u00e9 <strong>les enfants de la section francophone<\/strong>. Il leur a expliqu\u00e9 comment il a \u00e9crit les petites poules et leur a parl\u00e9 de son travail d&#8217;illustrateur. Il a aussi dessin\u00e9 sur flipchart. Les enfants l&#8217;ont aid\u00e9 &#8230;<br \/>\n <a href=\"http:\/\/primarylibrary.esfparents.org\/wp-content\/uploads\/2016\/11\/heinrich-1.jpg\"><img loading=\"lazy\" src=\"http:\/\/primarylibrary.esfparents.org\/wp-content\/uploads\/2016\/11\/heinrich-1-300x200.jpg\" alt=\"heinrich-1\" width=\"300\" height=\"200\" class=\"alignnone size-medium wp-image-939\" srcset=\"https:\/\/primarylibrary.esfparents.org\/wp-content\/uploads\/2016\/11\/heinrich-1-300x200.jpg 300w, https:\/\/primarylibrary.esfparents.org\/wp-content\/uploads\/2016\/11\/heinrich-1.jpg 500w\" sizes=\"(max-width: 300px) 100vw, 300px\" \/><\/a><\/p>\n<p><a href=\"http:\/\/primarylibrary.esfparents.org\/wp-content\/uploads\/2016\/11\/Heinrich-2.jpg\"><img loading=\"lazy\" src=\"http:\/\/primarylibrary.esfparents.org\/wp-content\/uploads\/2016\/11\/Heinrich-2-300x200.jpg\" alt=\"heinrich-2\" width=\"300\" height=\"200\" class=\"alignnone size-medium wp-image-940\" srcset=\"https:\/\/primarylibrary.esfparents.org\/wp-content\/uploads\/2016\/11\/Heinrich-2-300x200.jpg 300w, https:\/\/primarylibrary.esfparents.org\/wp-content\/uploads\/2016\/11\/Heinrich-2.jpg 500w\" sizes=\"(max-width: 300px) 100vw, 300px\" \/><\/a><\/p>\n<p><a href=\"http:\/\/primarylibrary.esfparents.org\/wp-content\/uploads\/2016\/11\/heinrich-3.jpg\"><img loading=\"lazy\" src=\"http:\/\/primarylibrary.esfparents.org\/wp-content\/uploads\/2016\/11\/heinrich-3-300x200.jpg\" alt=\"heinrich-3\" width=\"300\" height=\"200\" class=\"alignnone size-medium wp-image-941\" srcset=\"https:\/\/primarylibrary.esfparents.org\/wp-content\/uploads\/2016\/11\/heinrich-3-300x200.jpg 300w, https:\/\/primarylibrary.esfparents.org\/wp-content\/uploads\/2016\/11\/heinrich-3.jpg 500w\" sizes=\"(max-width: 300px) 100vw, 300px\" \/><\/a><\/p>\n<p>Il a aussi expliqu\u00e9 que, enfant, il dessinait beaucoup et il invite les enfants \u00e0 dessiner plus et \u00e0 moins utiliser le smartphone. <a href=\"http:\/\/primarylibrary.esfparents.org\/wp-content\/uploads\/2016\/11\/Heinrich-5.jpg\"><img loading=\"lazy\" src=\"http:\/\/primarylibrary.esfparents.org\/wp-content\/uploads\/2016\/11\/Heinrich-5-300x200.jpg\" alt=\"heinrich-5\" width=\"300\" height=\"200\" class=\"alignnone size-medium wp-image-942\" srcset=\"https:\/\/primarylibrary.esfparents.org\/wp-content\/uploads\/2016\/11\/Heinrich-5-300x200.jpg 300w, https:\/\/primarylibrary.esfparents.org\/wp-content\/uploads\/2016\/11\/Heinrich-5.jpg 500w\" sizes=\"(max-width: 300px) 100vw, 300px\" \/><\/a><\/p>\n<p><a href=\"http:\/\/primarylibrary.esfparents.org\/wp-content\/uploads\/2016\/11\/Heinrich-6.jpg\"><img loading=\"lazy\" src=\"http:\/\/primarylibrary.esfparents.org\/wp-content\/uploads\/2016\/11\/Heinrich-6-300x200.jpg\" alt=\"heinrich-6\" width=\"300\" height=\"200\" class=\"alignnone size-medium wp-image-943\" srcset=\"https:\/\/primarylibrary.esfparents.org\/wp-content\/uploads\/2016\/11\/Heinrich-6-300x200.jpg 300w, https:\/\/primarylibrary.esfparents.org\/wp-content\/uploads\/2016\/11\/Heinrich-6.jpg 500w\" sizes=\"(max-width: 300px) 100vw, 300px\" \/><\/a><\/p>\n","protected":false},"excerpt":{"rendered":"<p>Christian Heinrich de Strasbourg a rencontr\u00e9 les enfants de la section francophone. Il leur a expliqu\u00e9 comment il a \u00e9crit les petites poules et leur a parl\u00e9 de son travail d&#8217;illustrateur. Il a aussi dessin\u00e9 sur flipchart. Les enfants l&#8217;ont &hellip; <a href=\"https:\/\/primarylibrary.esfparents.org\/?p=938\">Continue reading <span class=\"meta-nav\">&rarr;<\/span><\/a><\/p>\n","protected":false},"author":2,"featured_media":0,"comment_status":"open","ping_status":"closed","sticky":false,"template":"","format":"standard","meta":[],"categories":[1],"tags":[],"_links":{"self":[{"href":"https:\/\/primarylibrary.esfparents.org\/index.php?rest_route=\/wp\/v2\/posts\/938"}],"collection":[{"href":"https:\/\/primarylibrary.esfparents.org\/index.php?rest_route=\/wp\/v2\/posts"}],"about":[{"href":"https:\/\/primarylibrary.esfparents.org\/index.php?rest_route=\/wp\/v2\/types\/post"}],"author":[{"embeddable":true,"href":"https:\/\/primarylibrary.esfparents.org\/index.php?rest_route=\/wp\/v2\/users\/2"}],"replies":[{"embeddable":true,"href":"https:\/\/primarylibrary.esfparents.org\/index.php?rest_route=%2Fwp%2Fv2%2Fcomments&post=938"}],"version-history":[{"count":8,"href":"https:\/\/primarylibrary.esfparents.org\/index.php?rest_route=\/wp\/v2\/posts\/938\/revisions"}],"predecessor-version":[{"id":970,"href":"https:\/\/primarylibrary.esfparents.org\/index.php?rest_route=\/wp\/v2\/posts\/938\/revisions\/970"}],"wp:attachment":[{"href":"https:\/\/primarylibrary.esfparents.org\/index.php?rest_route=%2Fwp%2Fv2%2Fmedia&parent=938"}],"wp:term":[{"taxonomy":"category","embeddable":true,"href":"https:\/\/primarylibrary.esfparents.org\/index.php?rest_route=%2Fwp%2Fv2%2Fcategories&post=938"},{"taxonomy":"post_tag","embeddable":true,"href":"https:\/\/primarylibrary.esfparents.org\/index.php?rest_route=%2Fwp%2Fv2%2Ftags&post=938"}],"curies":[{"name":"wp","href":"https:\/\/api.w.org\/{rel}","templated":true}]}}