{"id":946,"date":"2016-10-21T10:11:28","date_gmt":"2016-10-21T09:11:28","guid":{"rendered":"http:\/\/primarylibrary.esfparents.org\/?p=946"},"modified":"2016-11-17T10:13:55","modified_gmt":"2016-11-17T09:13:55","slug":"dolf-verroen-aus-den-niederlanden","status":"publish","type":"post","link":"https:\/\/primarylibrary.esfparents.org\/?p=946","title":{"rendered":"Dolf Verroen aus den Niederlanden &#8230;"},"content":{"rendered":"<p>kam zur Buchmesse und beeindruckte die niederl\u00e4ndischen Kinder in Primary und Secondary mit seiner Pers\u00f6nlichkeit!! Flandern und die Niederlande waren Schwerpunktl\u00e4nder der Buchmesse 2016.<br \/>\n<a href=\"http:\/\/primarylibrary.esfparents.org\/wp-content\/uploads\/2016\/11\/VERROEN.jpg\"><img loading=\"lazy\" src=\"http:\/\/primarylibrary.esfparents.org\/wp-content\/uploads\/2016\/11\/VERROEN-300x225.jpg\" alt=\"verroen\" width=\"300\" height=\"225\" class=\"alignnone size-medium wp-image-947\" srcset=\"https:\/\/primarylibrary.esfparents.org\/wp-content\/uploads\/2016\/11\/VERROEN-300x225.jpg 300w, https:\/\/primarylibrary.esfparents.org\/wp-content\/uploads\/2016\/11\/VERROEN.jpg 500w\" sizes=\"(max-width: 300px) 100vw, 300px\" \/><\/a><\/p>\n","protected":false},"excerpt":{"rendered":"<p>kam zur Buchmesse und beeindruckte die niederl\u00e4ndischen Kinder in Primary und Secondary mit seiner Pers\u00f6nlichkeit!! Flandern und die Niederlande waren Schwerpunktl\u00e4nder der Buchmesse 2016.<\/p>\n","protected":false},"author":2,"featured_media":0,"comment_status":"open","ping_status":"closed","sticky":false,"template":"","format":"standard","meta":[],"categories":[1],"tags":[],"_links":{"self":[{"href":"https:\/\/primarylibrary.esfparents.org\/index.php?rest_route=\/wp\/v2\/posts\/946"}],"collection":[{"href":"https:\/\/primarylibrary.esfparents.org\/index.php?rest_route=\/wp\/v2\/posts"}],"about":[{"href":"https:\/\/primarylibrary.esfparents.org\/index.php?rest_route=\/wp\/v2\/types\/post"}],"author":[{"embeddable":true,"href":"https:\/\/primarylibrary.esfparents.org\/index.php?rest_route=\/wp\/v2\/users\/2"}],"replies":[{"embeddable":true,"href":"https:\/\/primarylibrary.esfparents.org\/index.php?rest_route=%2Fwp%2Fv2%2Fcomments&post=946"}],"version-history":[{"count":1,"href":"https:\/\/primarylibrary.esfparents.org\/index.php?rest_route=\/wp\/v2\/posts\/946\/revisions"}],"predecessor-version":[{"id":948,"href":"https:\/\/primarylibrary.esfparents.org\/index.php?rest_route=\/wp\/v2\/posts\/946\/revisions\/948"}],"wp:attachment":[{"href":"https:\/\/primarylibrary.esfparents.org\/index.php?rest_route=%2Fwp%2Fv2%2Fmedia&parent=946"}],"wp:term":[{"taxonomy":"category","embeddable":true,"href":"https:\/\/primarylibrary.esfparents.org\/index.php?rest_route=%2Fwp%2Fv2%2Fcategories&post=946"},{"taxonomy":"post_tag","embeddable":true,"href":"https:\/\/primarylibrary.esfparents.org\/index.php?rest_route=%2Fwp%2Fv2%2Ftags&post=946"}],"curies":[{"name":"wp","href":"https:\/\/api.w.org\/{rel}","templated":true}]}}