{"id":952,"date":"2016-07-01T10:16:41","date_gmt":"2016-07-01T09:16:41","guid":{"rendered":"http:\/\/primarylibrary.esfparents.org\/?p=952"},"modified":"2016-12-15T11:04:09","modified_gmt":"2016-12-15T10:04:09","slug":"ende-des-schuljahres-20152016","status":"publish","type":"post","link":"https:\/\/primarylibrary.esfparents.org\/?p=952","title":{"rendered":"ENDE DES SCHULJAHRES 2015\/2016"},"content":{"rendered":"<p><strong>Dank der 10 Euro, die wir Anfang des Schuljahres von allen Eltern einsammeln, konnten wir dieses Schuljahr <strong>zw\u00f6lf sehr sch\u00f6ne Veranstaltungen <\/strong> mit Autoren, Illustratoren und Schauspielern f\u00fcr die Kinder aller Klassen machen. Sogar eine Kinderphilosophin war dabei!!<br \/>\nEs ist sehr wertvoll, dass ihre Kinder von &#8220;echten Kreativen&#8221; zum Lesen, Schreiben, Zeichnen und sogar Denken angeregt werden. Ich erlebe jedes Mal, wie sehr sie das motiviert, sich B\u00fccher auszuleihen und selbst sch\u00f6pferisch t\u00e4tig zu werden. Ich freue mich sehr, dass ich Ihren Kindern diese Impulse geben kann.<br \/>\nIhre <em>Stephanie von Selchow, Primarbibliothekarin<\/em><\/strong><\/p>\n","protected":false},"excerpt":{"rendered":"<p>Dank der 10 Euro, die wir Anfang des Schuljahres von allen Eltern einsammeln, konnten wir dieses Schuljahr zw\u00f6lf sehr sch\u00f6ne Veranstaltungen mit Autoren, Illustratoren und Schauspielern f\u00fcr die Kinder aller Klassen machen. Sogar eine Kinderphilosophin war dabei!! Es ist sehr &hellip; <a href=\"https:\/\/primarylibrary.esfparents.org\/?p=952\">Continue reading <span class=\"meta-nav\">&rarr;<\/span><\/a><\/p>\n","protected":false},"author":2,"featured_media":0,"comment_status":"open","ping_status":"closed","sticky":false,"template":"","format":"standard","meta":[],"categories":[1],"tags":[],"_links":{"self":[{"href":"https:\/\/primarylibrary.esfparents.org\/index.php?rest_route=\/wp\/v2\/posts\/952"}],"collection":[{"href":"https:\/\/primarylibrary.esfparents.org\/index.php?rest_route=\/wp\/v2\/posts"}],"about":[{"href":"https:\/\/primarylibrary.esfparents.org\/index.php?rest_route=\/wp\/v2\/types\/post"}],"author":[{"embeddable":true,"href":"https:\/\/primarylibrary.esfparents.org\/index.php?rest_route=\/wp\/v2\/users\/2"}],"replies":[{"embeddable":true,"href":"https:\/\/primarylibrary.esfparents.org\/index.php?rest_route=%2Fwp%2Fv2%2Fcomments&post=952"}],"version-history":[{"count":11,"href":"https:\/\/primarylibrary.esfparents.org\/index.php?rest_route=\/wp\/v2\/posts\/952\/revisions"}],"predecessor-version":[{"id":978,"href":"https:\/\/primarylibrary.esfparents.org\/index.php?rest_route=\/wp\/v2\/posts\/952\/revisions\/978"}],"wp:attachment":[{"href":"https:\/\/primarylibrary.esfparents.org\/index.php?rest_route=%2Fwp%2Fv2%2Fmedia&parent=952"}],"wp:term":[{"taxonomy":"category","embeddable":true,"href":"https:\/\/primarylibrary.esfparents.org\/index.php?rest_route=%2Fwp%2Fv2%2Fcategories&post=952"},{"taxonomy":"post_tag","embeddable":true,"href":"https:\/\/primarylibrary.esfparents.org\/index.php?rest_route=%2Fwp%2Fv2%2Ftags&post=952"}],"curies":[{"name":"wp","href":"https:\/\/api.w.org\/{rel}","templated":true}]}}